{"id":250326,"date":"2026-04-26T09:34:33","date_gmt":"2026-04-26T07:34:33","guid":{"rendered":"https:\/\/iaa.uvigo.gal\/?p=250326"},"modified":"2026-04-26T09:35:38","modified_gmt":"2026-04-26T07:35:38","slug":"iv-xornada-sobre-politicas-alimentarias","status":"publish","type":"post","link":"https:\/\/iaa.uvigo.gal\/es\/2026\/04\/iv-xornada-sobre-politicas-alimentarias\/","title":{"rendered":"Food and Health Omics organiza a IV Xornada sobre Pol\u00edticas Alimentarias"},"content":{"rendered":"<p data-start=\"223\" data-end=\"448\">O pasado 24 de abril, a <span class=\"hover:entity-accent entity-underline inline cursor-pointer align-baseline\"><span class=\"whitespace-normal\">Universidade de Vigo<\/span><\/span> acolleu no campus de Ourense a IV Xornada Anual sobre Pol\u00edticas Alimentarias, organizada polo grupo de investigaci\u00f3n <span class=\"hover:entity-accent entity-underline inline cursor-pointer align-baseline\"><span class=\"whitespace-normal\">Food and Health Omics<\/span><\/span>.<\/p>\n<p data-start=\"450\" data-end=\"841\">A xornada, titulada <em data-start=\"470\" data-end=\"553\">\u201cAlimentos funcionais e sa\u00fade: novas oportunidades para o sector agroalimentario\u201d<\/em>, reuniu arredor de 190 persoas entre persoal investigador, estudantado, profesionais da industria e representantes institucionais. Ao longo do encontro abord\u00e1ronse avances cient\u00edficos, experiencias empresariais e li\u00f1as de innovaci\u00f3n vinculadas ao desenvolvemento de alimentos funcionais.<\/p>\n<p data-start=\"843\" data-end=\"1018\">O evento contou coa participaci\u00f3n de persoal adscrito ao <a href=\"https:\/\/iaa.uvigo.gal\/en\/\"><span class=\"hover:entity-accent entity-underline inline cursor-pointer align-baseline\"><span class=\"whitespace-normal\">Instituto de Agroecolox\u00eda e Alimentaci\u00f3n<\/span><\/span><\/a> na s\u00faa organizaci\u00f3n e co apoio do <a href=\"https:\/\/campusauga.uvigo.es\/\"><span class=\"hover:entity-accent entity-underline inline cursor-pointer align-baseline\"><span class=\"whitespace-normal\">Campus Auga<\/span><\/span><\/a>.<\/p>\n<p data-start=\"1020\" data-end=\"1050\">\ud83d\udc49 Noticia completa no <a href=\"https:\/\/www.uvigo.gal\/universidade\/comunicacion\/duvi\/case-190-persoas-participan-iv-xornada-anual-politicas-alimentarias\">DUVI<\/a>.<\/p>\n","protected":false},"excerpt":{"rendered":"<p>O pasado 24 de abril, a Universidade de Vigo acolleu no campus de Ourense a IV Xornada Anual sobre Pol\u00edticas Alimentarias, organizada polo grupo de &hellip; <a class=\"excerpt_more\" href=\"https:\/\/iaa.uvigo.gal\/es\/2026\/04\/iv-xornada-sobre-politicas-alimentarias\/\">Contin\u00faa<\/a><\/p>\n","protected":false},"author":14,"featured_media":250322,"comment_status":"closed","ping_status":"closed","sticky":false,"template":"","format":"standard","meta":{"_acf_changed":false,"footnotes":""},"categories":[94],"tags":[],"class_list":["post-250326","post","type-post","status-publish","format-standard","has-post-thumbnail","hentry","category-duvi-es"],"acf":[],"yoast_head":"<title>Food and Health Omics organiza a IV Xornada sobre Pol\u00edticas Alimentarias | Instituto de Agroecolox\u00eda e Alimentaci\u00f3n | UVigo<\/title>\n<meta name=\"description\" content=\"O grupo Food and Health Omics organizou en Ourense a IV Xornada sobre Pol\u00edticas Alimentarias centrada en alimentos funcionais e sa\u00fade.\" \/>\n<meta name=\"robots\" content=\"index, follow, max-snippet:-1, max-image-preview:large, max-video-preview:-1\" \/>\n<link rel=\"canonical\" href=\"https:\/\/iaa.uvigo.gal\/es\/2026\/04\/iv-xornada-sobre-politicas-alimentarias\/\" \/>\n<meta property=\"og:locale\" content=\"es_ES\" \/>\n<meta property=\"og:type\" content=\"article\" \/>\n<meta property=\"og:title\" content=\"Food and Health Omics organiza a IV Xornada sobre Pol\u00edticas Alimentarias | Instituto de Agroecolox\u00eda e Alimentaci\u00f3n | UVigo\" \/>\n<meta property=\"og:description\" content=\"O grupo Food and Health Omics organizou en Ourense a IV Xornada sobre Pol\u00edticas Alimentarias centrada en alimentos funcionais e sa\u00fade.\" \/>\n<meta property=\"og:url\" content=\"https:\/\/iaa.uvigo.gal\/es\/2026\/04\/iv-xornada-sobre-politicas-alimentarias\/\" \/>\n<meta property=\"og:site_name\" content=\"Instituto de Agroecolox\u00eda e Alimentaci\u00f3n | UVigo\" \/>\n<meta property=\"article:published_time\" content=\"2026-04-26T07:34:33+00:00\" \/>\n<meta property=\"article:modified_time\" content=\"2026-04-26T07:35:38+00:00\" \/>\n<meta property=\"og:image\" content=\"https:\/\/iaa.uvigo.gal\/wp-content\/uploads\/2026\/04\/IMG-20260425-WA0007.jpg\" \/>\n\t<meta property=\"og:image:width\" content=\"2040\" \/>\n\t<meta property=\"og:image:height\" content=\"918\" \/>\n\t<meta property=\"og:image:type\" content=\"image\/jpeg\" \/>\n<meta name=\"author\" content=\"Iv\u00e1n S\u00e1nchez Rodr\u00edguez\" \/>\n<meta name=\"twitter:card\" content=\"summary_large_image\" \/>\n<meta name=\"twitter:label1\" content=\"Escrito por\" \/>\n\t<meta name=\"twitter:data1\" content=\"Iv\u00e1n S\u00e1nchez Rodr\u00edguez\" \/>\n\t<meta name=\"twitter:label2\" content=\"Tiempo de lectura\" \/>\n\t<meta name=\"twitter:data2\" content=\"1 minuto\" \/>\n<script type=\"application\/ld+json\" class=\"yoast-schema-graph\">{\"@context\":\"https:\\\/\\\/schema.org\",\"@graph\":[{\"@type\":\"Article\",\"@id\":\"https:\\\/\\\/iaa.uvigo.gal\\\/es\\\/2026\\\/04\\\/iv-xornada-sobre-politicas-alimentarias\\\/#article\",\"isPartOf\":{\"@id\":\"https:\\\/\\\/iaa.uvigo.gal\\\/es\\\/2026\\\/04\\\/iv-xornada-sobre-politicas-alimentarias\\\/\"},\"author\":{\"name\":\"Iv\u00e1n S\u00e1nchez Rodr\u00edguez\",\"@id\":\"https:\\\/\\\/iaa.uvigo.gal\\\/es\\\/#\\\/schema\\\/person\\\/5bcdcd259b6df54e4713d114fcc831da\"},\"headline\":\"Food and Health Omics organiza a IV Xornada sobre Pol\u00edticas Alimentarias\",\"datePublished\":\"2026-04-26T07:34:33+00:00\",\"dateModified\":\"2026-04-26T07:35:38+00:00\",\"mainEntityOfPage\":{\"@id\":\"https:\\\/\\\/iaa.uvigo.gal\\\/es\\\/2026\\\/04\\\/iv-xornada-sobre-politicas-alimentarias\\\/\"},\"wordCount\":126,\"publisher\":{\"@id\":\"https:\\\/\\\/iaa.uvigo.gal\\\/es\\\/#organization\"},\"image\":{\"@id\":\"https:\\\/\\\/iaa.uvigo.gal\\\/es\\\/2026\\\/04\\\/iv-xornada-sobre-politicas-alimentarias\\\/#primaryimage\"},\"thumbnailUrl\":\"https:\\\/\\\/iaa.uvigo.gal\\\/wp-content\\\/uploads\\\/2026\\\/04\\\/IMG-20260425-WA0007.jpg\",\"articleSection\":[\"DUVI\"],\"inLanguage\":\"es\"},{\"@type\":\"WebPage\",\"@id\":\"https:\\\/\\\/iaa.uvigo.gal\\\/es\\\/2026\\\/04\\\/iv-xornada-sobre-politicas-alimentarias\\\/\",\"url\":\"https:\\\/\\\/iaa.uvigo.gal\\\/es\\\/2026\\\/04\\\/iv-xornada-sobre-politicas-alimentarias\\\/\",\"name\":\"Food and Health Omics organiza a IV Xornada sobre Pol\u00edticas Alimentarias | Instituto de Agroecolox\u00eda e Alimentaci\u00f3n | UVigo\",\"isPartOf\":{\"@id\":\"https:\\\/\\\/iaa.uvigo.gal\\\/es\\\/#website\"},\"primaryImageOfPage\":{\"@id\":\"https:\\\/\\\/iaa.uvigo.gal\\\/es\\\/2026\\\/04\\\/iv-xornada-sobre-politicas-alimentarias\\\/#primaryimage\"},\"image\":{\"@id\":\"https:\\\/\\\/iaa.uvigo.gal\\\/es\\\/2026\\\/04\\\/iv-xornada-sobre-politicas-alimentarias\\\/#primaryimage\"},\"thumbnailUrl\":\"https:\\\/\\\/iaa.uvigo.gal\\\/wp-content\\\/uploads\\\/2026\\\/04\\\/IMG-20260425-WA0007.jpg\",\"datePublished\":\"2026-04-26T07:34:33+00:00\",\"dateModified\":\"2026-04-26T07:35:38+00:00\",\"description\":\"O grupo Food and Health Omics organizou en Ourense a IV Xornada sobre Pol\u00edticas Alimentarias centrada en alimentos funcionais e sa\u00fade.\",\"inLanguage\":\"es\",\"potentialAction\":[{\"@type\":\"ReadAction\",\"target\":[\"https:\\\/\\\/iaa.uvigo.gal\\\/es\\\/2026\\\/04\\\/iv-xornada-sobre-politicas-alimentarias\\\/\"]}]},{\"@type\":\"ImageObject\",\"inLanguage\":\"es\",\"@id\":\"https:\\\/\\\/iaa.uvigo.gal\\\/es\\\/2026\\\/04\\\/iv-xornada-sobre-politicas-alimentarias\\\/#primaryimage\",\"url\":\"https:\\\/\\\/iaa.uvigo.gal\\\/wp-content\\\/uploads\\\/2026\\\/04\\\/IMG-20260425-WA0007.jpg\",\"contentUrl\":\"https:\\\/\\\/iaa.uvigo.gal\\\/wp-content\\\/uploads\\\/2026\\\/04\\\/IMG-20260425-WA0007.jpg\",\"width\":2040,\"height\":918,\"caption\":\"IV Xornada Anual sobre Pol\u00edticas Alimentarias\"},{\"@type\":\"WebSite\",\"@id\":\"https:\\\/\\\/iaa.uvigo.gal\\\/es\\\/#website\",\"url\":\"https:\\\/\\\/iaa.uvigo.gal\\\/es\\\/\",\"name\":\"Instituto de Agroecolox\u00eda e Alimentaci\u00f3n | UVigo\",\"description\":\"\",\"publisher\":{\"@id\":\"https:\\\/\\\/iaa.uvigo.gal\\\/es\\\/#organization\"},\"potentialAction\":[{\"@type\":\"SearchAction\",\"target\":{\"@type\":\"EntryPoint\",\"urlTemplate\":\"https:\\\/\\\/iaa.uvigo.gal\\\/es\\\/?s={search_term_string}\"},\"query-input\":{\"@type\":\"PropertyValueSpecification\",\"valueRequired\":true,\"valueName\":\"search_term_string\"}}],\"inLanguage\":\"es\"},{\"@type\":\"Organization\",\"@id\":\"https:\\\/\\\/iaa.uvigo.gal\\\/es\\\/#organization\",\"name\":\"Instituto de Agroecolox\u00eda e Alimentaci\u00f3n - UVigo\",\"url\":\"https:\\\/\\\/iaa.uvigo.gal\\\/es\\\/\",\"logo\":{\"@type\":\"ImageObject\",\"inLanguage\":\"es\",\"@id\":\"https:\\\/\\\/iaa.uvigo.gal\\\/es\\\/#\\\/schema\\\/logo\\\/image\\\/\",\"url\":\"https:\\\/\\\/iaa.uvigo.gal\\\/wp-content\\\/uploads\\\/2024\\\/07\\\/logo-iaa.png\",\"contentUrl\":\"https:\\\/\\\/iaa.uvigo.gal\\\/wp-content\\\/uploads\\\/2024\\\/07\\\/logo-iaa.png\",\"width\":780,\"height\":330,\"caption\":\"Instituto de Agroecolox\u00eda e Alimentaci\u00f3n - UVigo\"},\"image\":{\"@id\":\"https:\\\/\\\/iaa.uvigo.gal\\\/es\\\/#\\\/schema\\\/logo\\\/image\\\/\"}},{\"@type\":\"Person\",\"@id\":\"https:\\\/\\\/iaa.uvigo.gal\\\/es\\\/#\\\/schema\\\/person\\\/5bcdcd259b6df54e4713d114fcc831da\",\"name\":\"Iv\u00e1n S\u00e1nchez Rodr\u00edguez\",\"image\":{\"@type\":\"ImageObject\",\"inLanguage\":\"es\",\"@id\":\"https:\\\/\\\/secure.gravatar.com\\\/avatar\\\/d2bf9693d400332faab6fa2eb24ee98394d6abe3be1e2550d939f6ca3971bf29?s=96&d=mm&r=g\",\"url\":\"https:\\\/\\\/secure.gravatar.com\\\/avatar\\\/d2bf9693d400332faab6fa2eb24ee98394d6abe3be1e2550d939f6ca3971bf29?s=96&d=mm&r=g\",\"contentUrl\":\"https:\\\/\\\/secure.gravatar.com\\\/avatar\\\/d2bf9693d400332faab6fa2eb24ee98394d6abe3be1e2550d939f6ca3971bf29?s=96&d=mm&r=g\",\"caption\":\"Iv\u00e1n S\u00e1nchez Rodr\u00edguez\"}}]}<\/script>","yoast_head_json":{"title":"Food and Health Omics organiza a IV Xornada sobre Pol\u00edticas Alimentarias | Instituto de Agroecolox\u00eda e Alimentaci\u00f3n | UVigo","description":"O grupo Food and Health Omics organizou en Ourense a IV Xornada sobre Pol\u00edticas Alimentarias centrada en alimentos funcionais e sa\u00fade.","robots":{"index":"index","follow":"follow","max-snippet":"max-snippet:-1","max-image-preview":"max-image-preview:large","max-video-preview":"max-video-preview:-1"},"canonical":"https:\/\/iaa.uvigo.gal\/es\/2026\/04\/iv-xornada-sobre-politicas-alimentarias\/","og_locale":"es_ES","og_type":"article","og_title":"Food and Health Omics organiza a IV Xornada sobre Pol\u00edticas Alimentarias | Instituto de Agroecolox\u00eda e Alimentaci\u00f3n | UVigo","og_description":"O grupo Food and Health Omics organizou en Ourense a IV Xornada sobre Pol\u00edticas Alimentarias centrada en alimentos funcionais e sa\u00fade.","og_url":"https:\/\/iaa.uvigo.gal\/es\/2026\/04\/iv-xornada-sobre-politicas-alimentarias\/","og_site_name":"Instituto de Agroecolox\u00eda e Alimentaci\u00f3n | UVigo","article_published_time":"2026-04-26T07:34:33+00:00","article_modified_time":"2026-04-26T07:35:38+00:00","og_image":[{"width":2040,"height":918,"url":"https:\/\/iaa.uvigo.gal\/wp-content\/uploads\/2026\/04\/IMG-20260425-WA0007.jpg","type":"image\/jpeg"}],"author":"Iv\u00e1n S\u00e1nchez Rodr\u00edguez","twitter_card":"summary_large_image","twitter_misc":{"Escrito por":"Iv\u00e1n S\u00e1nchez Rodr\u00edguez","Tiempo de lectura":"1 minuto"},"schema":{"@context":"https:\/\/schema.org","@graph":[{"@type":"Article","@id":"https:\/\/iaa.uvigo.gal\/es\/2026\/04\/iv-xornada-sobre-politicas-alimentarias\/#article","isPartOf":{"@id":"https:\/\/iaa.uvigo.gal\/es\/2026\/04\/iv-xornada-sobre-politicas-alimentarias\/"},"author":{"name":"Iv\u00e1n S\u00e1nchez Rodr\u00edguez","@id":"https:\/\/iaa.uvigo.gal\/es\/#\/schema\/person\/5bcdcd259b6df54e4713d114fcc831da"},"headline":"Food and Health Omics organiza a IV Xornada sobre Pol\u00edticas Alimentarias","datePublished":"2026-04-26T07:34:33+00:00","dateModified":"2026-04-26T07:35:38+00:00","mainEntityOfPage":{"@id":"https:\/\/iaa.uvigo.gal\/es\/2026\/04\/iv-xornada-sobre-politicas-alimentarias\/"},"wordCount":126,"publisher":{"@id":"https:\/\/iaa.uvigo.gal\/es\/#organization"},"image":{"@id":"https:\/\/iaa.uvigo.gal\/es\/2026\/04\/iv-xornada-sobre-politicas-alimentarias\/#primaryimage"},"thumbnailUrl":"https:\/\/iaa.uvigo.gal\/wp-content\/uploads\/2026\/04\/IMG-20260425-WA0007.jpg","articleSection":["DUVI"],"inLanguage":"es"},{"@type":"WebPage","@id":"https:\/\/iaa.uvigo.gal\/es\/2026\/04\/iv-xornada-sobre-politicas-alimentarias\/","url":"https:\/\/iaa.uvigo.gal\/es\/2026\/04\/iv-xornada-sobre-politicas-alimentarias\/","name":"Food and Health Omics organiza a IV Xornada sobre Pol\u00edticas Alimentarias | Instituto de Agroecolox\u00eda e Alimentaci\u00f3n | UVigo","isPartOf":{"@id":"https:\/\/iaa.uvigo.gal\/es\/#website"},"primaryImageOfPage":{"@id":"https:\/\/iaa.uvigo.gal\/es\/2026\/04\/iv-xornada-sobre-politicas-alimentarias\/#primaryimage"},"image":{"@id":"https:\/\/iaa.uvigo.gal\/es\/2026\/04\/iv-xornada-sobre-politicas-alimentarias\/#primaryimage"},"thumbnailUrl":"https:\/\/iaa.uvigo.gal\/wp-content\/uploads\/2026\/04\/IMG-20260425-WA0007.jpg","datePublished":"2026-04-26T07:34:33+00:00","dateModified":"2026-04-26T07:35:38+00:00","description":"O grupo Food and Health Omics organizou en Ourense a IV Xornada sobre Pol\u00edticas Alimentarias centrada en alimentos funcionais e sa\u00fade.","inLanguage":"es","potentialAction":[{"@type":"ReadAction","target":["https:\/\/iaa.uvigo.gal\/es\/2026\/04\/iv-xornada-sobre-politicas-alimentarias\/"]}]},{"@type":"ImageObject","inLanguage":"es","@id":"https:\/\/iaa.uvigo.gal\/es\/2026\/04\/iv-xornada-sobre-politicas-alimentarias\/#primaryimage","url":"https:\/\/iaa.uvigo.gal\/wp-content\/uploads\/2026\/04\/IMG-20260425-WA0007.jpg","contentUrl":"https:\/\/iaa.uvigo.gal\/wp-content\/uploads\/2026\/04\/IMG-20260425-WA0007.jpg","width":2040,"height":918,"caption":"IV Xornada Anual sobre Pol\u00edticas Alimentarias"},{"@type":"WebSite","@id":"https:\/\/iaa.uvigo.gal\/es\/#website","url":"https:\/\/iaa.uvigo.gal\/es\/","name":"Instituto de Agroecolox\u00eda e Alimentaci\u00f3n | UVigo","description":"","publisher":{"@id":"https:\/\/iaa.uvigo.gal\/es\/#organization"},"potentialAction":[{"@type":"SearchAction","target":{"@type":"EntryPoint","urlTemplate":"https:\/\/iaa.uvigo.gal\/es\/?s={search_term_string}"},"query-input":{"@type":"PropertyValueSpecification","valueRequired":true,"valueName":"search_term_string"}}],"inLanguage":"es"},{"@type":"Organization","@id":"https:\/\/iaa.uvigo.gal\/es\/#organization","name":"Instituto de Agroecolox\u00eda e Alimentaci\u00f3n - UVigo","url":"https:\/\/iaa.uvigo.gal\/es\/","logo":{"@type":"ImageObject","inLanguage":"es","@id":"https:\/\/iaa.uvigo.gal\/es\/#\/schema\/logo\/image\/","url":"https:\/\/iaa.uvigo.gal\/wp-content\/uploads\/2024\/07\/logo-iaa.png","contentUrl":"https:\/\/iaa.uvigo.gal\/wp-content\/uploads\/2024\/07\/logo-iaa.png","width":780,"height":330,"caption":"Instituto de Agroecolox\u00eda e Alimentaci\u00f3n - UVigo"},"image":{"@id":"https:\/\/iaa.uvigo.gal\/es\/#\/schema\/logo\/image\/"}},{"@type":"Person","@id":"https:\/\/iaa.uvigo.gal\/es\/#\/schema\/person\/5bcdcd259b6df54e4713d114fcc831da","name":"Iv\u00e1n S\u00e1nchez Rodr\u00edguez","image":{"@type":"ImageObject","inLanguage":"es","@id":"https:\/\/secure.gravatar.com\/avatar\/d2bf9693d400332faab6fa2eb24ee98394d6abe3be1e2550d939f6ca3971bf29?s=96&d=mm&r=g","url":"https:\/\/secure.gravatar.com\/avatar\/d2bf9693d400332faab6fa2eb24ee98394d6abe3be1e2550d939f6ca3971bf29?s=96&d=mm&r=g","contentUrl":"https:\/\/secure.gravatar.com\/avatar\/d2bf9693d400332faab6fa2eb24ee98394d6abe3be1e2550d939f6ca3971bf29?s=96&d=mm&r=g","caption":"Iv\u00e1n S\u00e1nchez Rodr\u00edguez"}}]}},"_links":{"self":[{"href":"https:\/\/iaa.uvigo.gal\/es\/wp-json\/wp\/v2\/posts\/250326","targetHints":{"allow":["GET"]}}],"collection":[{"href":"https:\/\/iaa.uvigo.gal\/es\/wp-json\/wp\/v2\/posts"}],"about":[{"href":"https:\/\/iaa.uvigo.gal\/es\/wp-json\/wp\/v2\/types\/post"}],"author":[{"embeddable":true,"href":"https:\/\/iaa.uvigo.gal\/es\/wp-json\/wp\/v2\/users\/14"}],"replies":[{"embeddable":true,"href":"https:\/\/iaa.uvigo.gal\/es\/wp-json\/wp\/v2\/comments?post=250326"}],"version-history":[{"count":1,"href":"https:\/\/iaa.uvigo.gal\/es\/wp-json\/wp\/v2\/posts\/250326\/revisions"}],"predecessor-version":[{"id":250327,"href":"https:\/\/iaa.uvigo.gal\/es\/wp-json\/wp\/v2\/posts\/250326\/revisions\/250327"}],"wp:featuredmedia":[{"embeddable":true,"href":"https:\/\/iaa.uvigo.gal\/es\/wp-json\/wp\/v2\/media\/250322"}],"wp:attachment":[{"href":"https:\/\/iaa.uvigo.gal\/es\/wp-json\/wp\/v2\/media?parent=250326"}],"wp:term":[{"taxonomy":"category","embeddable":true,"href":"https:\/\/iaa.uvigo.gal\/es\/wp-json\/wp\/v2\/categories?post=250326"},{"taxonomy":"post_tag","embeddable":true,"href":"https:\/\/iaa.uvigo.gal\/es\/wp-json\/wp\/v2\/tags?post=250326"}],"curies":[{"name":"wp","href":"https:\/\/api.w.org\/{rel}","templated":true}]}}