{"id":249875,"date":"2025-11-01T10:06:32","date_gmt":"2025-11-01T09:06:32","guid":{"rendered":"https:\/\/iaa.uvigo.gal\/2025\/11\/iftc-braganca-2025\/"},"modified":"2025-11-01T10:06:32","modified_gmt":"2025-11-01T09:06:32","slug":"iftc-braganca-2025","status":"publish","type":"post","link":"https:\/\/iaa.uvigo.gal\/es\/2025\/11\/iftc-braganca-2025\/","title":{"rendered":"Bragan\u00e7a acolle a I International FoodTec Conference"},"content":{"rendered":"<p>Os d\u00edas 27, 28 e 29 de outubro, a cidade de <strong data-start=\"364\" data-end=\"376\">Bragan\u00e7a<\/strong> acolleu a <strong data-start=\"387\" data-end=\"432\">I International FoodTec Conference (IFTC)<\/strong>, un encontro que reuniu m\u00e1is de 300 participantes dos \u00e1mbitos acad\u00e9mico, empresarial e institucional procedentes de 12 pa\u00edses, convert\u00e9ndose no epicentro da investigaci\u00f3n e da innovaci\u00f3n alimentaria na Eurorrexi\u00f3n Galicia\u2013Norte de Portugal.<\/p>\n<p>Organizada polo <a href=\"https:\/\/portalold.ipb.pt\/index.php\/pt\/\"><strong data-start=\"699\" data-end=\"742\">Instituto Polit\u00e9cnico de Bragan\u00e7a (IPB)<\/strong><\/a> e polo <a href=\"https:\/\/iaa.uvigo.gal\/es\/\"><strong data-start=\"750\" data-end=\"824\">Instituto de Agroecolox\u00eda e Alimentaci\u00f3n (IAA) <\/strong><\/a>da Universidade de Vigo, en colaboraci\u00f3n co INL \u2013 International Iberian Nanotechnology Laboratory, os cl\u00fasteres Portugal Foods e Clusaga, e os laboratorios colaborativos AquaValor e MORE CoLAB, no marco do proxecto europeo <a href=\"https:\/\/net4food.eu\/\"><strong data-start=\"1024\" data-end=\"1054\">Net4Food <\/strong><\/a>(Interreg POCTEP), a conferencia tivo como obxectivo impulsar unha rede de excelencia en innovaci\u00f3n e sustentabilidade alimentaria e avanzar no desenvolvemento do futuro Iberian FoodTec Lab (IFL).<\/p>\n<p>Durante o evento, <a href=\"https:\/\/iaa.uvigo.gal\/es\/iaa\/organizacion\/\"><strong data-start=\"1261\" data-end=\"1288\">David Fern\u00e1ndez Calvi\u00f1o<\/strong><\/a>, director do <strong data-start=\"1302\" data-end=\"1309\">IAA<\/strong>, destacou o impacto da rede Net4Food<span style=\"font-size: 1rem;\">\u00a0e presentou as acci\u00f3ns desenvolvidas para fortalecer a cooperaci\u00f3n entre investigaci\u00f3n e industria na Eurorrexi\u00f3n. Ademais, participaron con comunicaci\u00f3ns orais investigadores do IAA pertencentes ao Grupo Food and Health Omics (CF1) \u2014Ic\u00eda G\u00f3mez P\u00e9rez, Jorge Pardellas Soto e Rodolfo Dinis Pinto Sim\u00f5es\u2014, que contribu\u00edron con achegas centradas na innovaci\u00f3n e sustentabilidade alimentaria<\/span><span style=\"font-size: 1rem;\">.<\/span><\/p>\n<p>Baixo o lema <em data-start=\"1758\" data-end=\"1811\">\u201cShaping the Future of Sustainable Food Ecosystems\u201d<\/em>, a IFTC contou con m\u00e1is de 200 p\u00f3steres, 36 comunicaci\u00f3ns orais, 13 relatorios maxistrais e seis sesi\u00f3ns plenarias, nas que se abordaron cuesti\u00f3ns como a innovaci\u00f3n tecnol\u00f3xica, a seguridade alimentaria, a valorizaci\u00f3n de recursos end\u00f3xenos e a dixitalizaci\u00f3n do sector. A investigadora Lillian Barros (IPB) salientou que a conferencia \u201ccumpriu plenamente os seus obxectivos, consolidando redes transfronteirizas e creando novas oportunidades de colaboraci\u00f3n\u201d.<\/p>\n<p>O encontro marcou tam\u00e9n o peche do proxecto <strong data-start=\"2330\" data-end=\"2342\">Net4Food<\/strong>, simbolizando o inicio dunha nova etapa de cooperaci\u00f3n orientada a posicionar a Eurorrexi\u00f3n Galicia\u2013Norte de Portugal como referente europeo en sistemas alimentarios sostibles e innovadores.<\/p>\n","protected":false},"excerpt":{"rendered":"<p>Os d\u00edas 27, 28 e 29 de outubro, a cidade de Bragan\u00e7a acolleu a I International FoodTec Conference (IFTC), un encontro que reuniu m\u00e1is de &hellip; <a class=\"excerpt_more\" href=\"https:\/\/iaa.uvigo.gal\/es\/2025\/11\/iftc-braganca-2025\/\">Contin\u00faa<\/a><\/p>\n","protected":false},"author":14,"featured_media":249610,"comment_status":"closed","ping_status":"closed","sticky":false,"template":"","format":"standard","meta":{"_acf_changed":false,"footnotes":""},"categories":[94],"tags":[],"class_list":["post-249875","post","type-post","status-publish","format-standard","has-post-thumbnail","hentry","category-duvi-es"],"acf":[],"yoast_head":"<title>Bragan\u00e7a acolle a I International FoodTec Conference | Instituto de Agroecolox\u00eda e Alimentaci\u00f3n | UVigo<\/title>\n<meta name=\"robots\" content=\"index, follow, max-snippet:-1, max-image-preview:large, max-video-preview:-1\" \/>\n<link rel=\"canonical\" href=\"https:\/\/iaa.uvigo.gal\/es\/2025\/11\/iftc-braganca-2025\/\" \/>\n<meta property=\"og:locale\" content=\"es_ES\" \/>\n<meta property=\"og:type\" content=\"article\" \/>\n<meta property=\"og:title\" content=\"Bragan\u00e7a acolle a I International FoodTec Conference | Instituto de Agroecolox\u00eda e Alimentaci\u00f3n | UVigo\" \/>\n<meta property=\"og:description\" content=\"Os d\u00edas 27, 28 e 29 de outubro, a cidade de Bragan\u00e7a acolleu a I International FoodTec Conference (IFTC), un encontro que reuniu m\u00e1is de &hellip; Contin\u00faa\" \/>\n<meta property=\"og:url\" content=\"https:\/\/iaa.uvigo.gal\/es\/2025\/11\/iftc-braganca-2025\/\" \/>\n<meta property=\"og:site_name\" content=\"Instituto de Agroecolox\u00eda e Alimentaci\u00f3n | UVigo\" \/>\n<meta property=\"article:published_time\" content=\"2025-11-01T09:06:32+00:00\" \/>\n<meta name=\"author\" content=\"Iv\u00e1n S\u00e1nchez Rodr\u00edguez\" \/>\n<meta name=\"twitter:card\" content=\"summary_large_image\" \/>\n<meta name=\"twitter:label1\" content=\"Escrito por\" \/>\n\t<meta name=\"twitter:data1\" content=\"Iv\u00e1n S\u00e1nchez Rodr\u00edguez\" \/>\n\t<meta name=\"twitter:label2\" content=\"Tiempo de lectura\" \/>\n\t<meta name=\"twitter:data2\" content=\"2 minutos\" \/>\n<script type=\"application\/ld+json\" class=\"yoast-schema-graph\">{\"@context\":\"https:\\\/\\\/schema.org\",\"@graph\":[{\"@type\":\"Article\",\"@id\":\"https:\\\/\\\/iaa.uvigo.gal\\\/es\\\/2025\\\/11\\\/iftc-braganca-2025\\\/#article\",\"isPartOf\":{\"@id\":\"https:\\\/\\\/iaa.uvigo.gal\\\/es\\\/2025\\\/11\\\/iftc-braganca-2025\\\/\"},\"author\":{\"name\":\"Iv\u00e1n S\u00e1nchez Rodr\u00edguez\",\"@id\":\"https:\\\/\\\/iaa.uvigo.gal\\\/es\\\/#\\\/schema\\\/person\\\/5bcdcd259b6df54e4713d114fcc831da\"},\"headline\":\"Bragan\u00e7a acolle a I International FoodTec Conference\",\"datePublished\":\"2025-11-01T09:06:32+00:00\",\"mainEntityOfPage\":{\"@id\":\"https:\\\/\\\/iaa.uvigo.gal\\\/es\\\/2025\\\/11\\\/iftc-braganca-2025\\\/\"},\"wordCount\":347,\"publisher\":{\"@id\":\"https:\\\/\\\/iaa.uvigo.gal\\\/es\\\/#organization\"},\"image\":{\"@id\":\"https:\\\/\\\/iaa.uvigo.gal\\\/es\\\/2025\\\/11\\\/iftc-braganca-2025\\\/#primaryimage\"},\"thumbnailUrl\":\"https:\\\/\\\/iaa.uvigo.gal\\\/wp-content\\\/uploads\\\/2026\\\/01\\\/FTC-Braganca.jpg\",\"articleSection\":[\"DUVI\"],\"inLanguage\":\"es\"},{\"@type\":\"WebPage\",\"@id\":\"https:\\\/\\\/iaa.uvigo.gal\\\/es\\\/2025\\\/11\\\/iftc-braganca-2025\\\/\",\"url\":\"https:\\\/\\\/iaa.uvigo.gal\\\/es\\\/2025\\\/11\\\/iftc-braganca-2025\\\/\",\"name\":\"Bragan\u00e7a acolle a I International FoodTec Conference | Instituto de Agroecolox\u00eda e Alimentaci\u00f3n | UVigo\",\"isPartOf\":{\"@id\":\"https:\\\/\\\/iaa.uvigo.gal\\\/es\\\/#website\"},\"primaryImageOfPage\":{\"@id\":\"https:\\\/\\\/iaa.uvigo.gal\\\/es\\\/2025\\\/11\\\/iftc-braganca-2025\\\/#primaryimage\"},\"image\":{\"@id\":\"https:\\\/\\\/iaa.uvigo.gal\\\/es\\\/2025\\\/11\\\/iftc-braganca-2025\\\/#primaryimage\"},\"thumbnailUrl\":\"https:\\\/\\\/iaa.uvigo.gal\\\/wp-content\\\/uploads\\\/2026\\\/01\\\/FTC-Braganca.jpg\",\"datePublished\":\"2025-11-01T09:06:32+00:00\",\"inLanguage\":\"es\",\"potentialAction\":[{\"@type\":\"ReadAction\",\"target\":[\"https:\\\/\\\/iaa.uvigo.gal\\\/es\\\/2025\\\/11\\\/iftc-braganca-2025\\\/\"]}]},{\"@type\":\"ImageObject\",\"inLanguage\":\"es\",\"@id\":\"https:\\\/\\\/iaa.uvigo.gal\\\/es\\\/2025\\\/11\\\/iftc-braganca-2025\\\/#primaryimage\",\"url\":\"https:\\\/\\\/iaa.uvigo.gal\\\/wp-content\\\/uploads\\\/2026\\\/01\\\/FTC-Braganca.jpg\",\"contentUrl\":\"https:\\\/\\\/iaa.uvigo.gal\\\/wp-content\\\/uploads\\\/2026\\\/01\\\/FTC-Braganca.jpg\",\"width\":850,\"height\":567},{\"@type\":\"WebSite\",\"@id\":\"https:\\\/\\\/iaa.uvigo.gal\\\/es\\\/#website\",\"url\":\"https:\\\/\\\/iaa.uvigo.gal\\\/es\\\/\",\"name\":\"Instituto de Agroecolox\u00eda e Alimentaci\u00f3n | UVigo\",\"description\":\"\",\"publisher\":{\"@id\":\"https:\\\/\\\/iaa.uvigo.gal\\\/es\\\/#organization\"},\"potentialAction\":[{\"@type\":\"SearchAction\",\"target\":{\"@type\":\"EntryPoint\",\"urlTemplate\":\"https:\\\/\\\/iaa.uvigo.gal\\\/es\\\/?s={search_term_string}\"},\"query-input\":{\"@type\":\"PropertyValueSpecification\",\"valueRequired\":true,\"valueName\":\"search_term_string\"}}],\"inLanguage\":\"es\"},{\"@type\":\"Organization\",\"@id\":\"https:\\\/\\\/iaa.uvigo.gal\\\/es\\\/#organization\",\"name\":\"Instituto de Agroecolox\u00eda e Alimentaci\u00f3n - UVigo\",\"url\":\"https:\\\/\\\/iaa.uvigo.gal\\\/es\\\/\",\"logo\":{\"@type\":\"ImageObject\",\"inLanguage\":\"es\",\"@id\":\"https:\\\/\\\/iaa.uvigo.gal\\\/es\\\/#\\\/schema\\\/logo\\\/image\\\/\",\"url\":\"https:\\\/\\\/iaa.uvigo.gal\\\/wp-content\\\/uploads\\\/2024\\\/07\\\/logo-iaa.png\",\"contentUrl\":\"https:\\\/\\\/iaa.uvigo.gal\\\/wp-content\\\/uploads\\\/2024\\\/07\\\/logo-iaa.png\",\"width\":780,\"height\":330,\"caption\":\"Instituto de Agroecolox\u00eda e Alimentaci\u00f3n - UVigo\"},\"image\":{\"@id\":\"https:\\\/\\\/iaa.uvigo.gal\\\/es\\\/#\\\/schema\\\/logo\\\/image\\\/\"}},{\"@type\":\"Person\",\"@id\":\"https:\\\/\\\/iaa.uvigo.gal\\\/es\\\/#\\\/schema\\\/person\\\/5bcdcd259b6df54e4713d114fcc831da\",\"name\":\"Iv\u00e1n S\u00e1nchez Rodr\u00edguez\",\"image\":{\"@type\":\"ImageObject\",\"inLanguage\":\"es\",\"@id\":\"https:\\\/\\\/secure.gravatar.com\\\/avatar\\\/d2bf9693d400332faab6fa2eb24ee98394d6abe3be1e2550d939f6ca3971bf29?s=96&d=mm&r=g\",\"url\":\"https:\\\/\\\/secure.gravatar.com\\\/avatar\\\/d2bf9693d400332faab6fa2eb24ee98394d6abe3be1e2550d939f6ca3971bf29?s=96&d=mm&r=g\",\"contentUrl\":\"https:\\\/\\\/secure.gravatar.com\\\/avatar\\\/d2bf9693d400332faab6fa2eb24ee98394d6abe3be1e2550d939f6ca3971bf29?s=96&d=mm&r=g\",\"caption\":\"Iv\u00e1n S\u00e1nchez Rodr\u00edguez\"}}]}<\/script>","yoast_head_json":{"title":"Bragan\u00e7a acolle a I International FoodTec Conference | Instituto de Agroecolox\u00eda e Alimentaci\u00f3n | UVigo","robots":{"index":"index","follow":"follow","max-snippet":"max-snippet:-1","max-image-preview":"max-image-preview:large","max-video-preview":"max-video-preview:-1"},"canonical":"https:\/\/iaa.uvigo.gal\/es\/2025\/11\/iftc-braganca-2025\/","og_locale":"es_ES","og_type":"article","og_title":"Bragan\u00e7a acolle a I International FoodTec Conference | Instituto de Agroecolox\u00eda e Alimentaci\u00f3n | UVigo","og_description":"Os d\u00edas 27, 28 e 29 de outubro, a cidade de Bragan\u00e7a acolleu a I International FoodTec Conference (IFTC), un encontro que reuniu m\u00e1is de &hellip; Contin\u00faa","og_url":"https:\/\/iaa.uvigo.gal\/es\/2025\/11\/iftc-braganca-2025\/","og_site_name":"Instituto de Agroecolox\u00eda e Alimentaci\u00f3n | UVigo","article_published_time":"2025-11-01T09:06:32+00:00","author":"Iv\u00e1n S\u00e1nchez Rodr\u00edguez","twitter_card":"summary_large_image","twitter_misc":{"Escrito por":"Iv\u00e1n S\u00e1nchez Rodr\u00edguez","Tiempo de lectura":"2 minutos"},"schema":{"@context":"https:\/\/schema.org","@graph":[{"@type":"Article","@id":"https:\/\/iaa.uvigo.gal\/es\/2025\/11\/iftc-braganca-2025\/#article","isPartOf":{"@id":"https:\/\/iaa.uvigo.gal\/es\/2025\/11\/iftc-braganca-2025\/"},"author":{"name":"Iv\u00e1n S\u00e1nchez Rodr\u00edguez","@id":"https:\/\/iaa.uvigo.gal\/es\/#\/schema\/person\/5bcdcd259b6df54e4713d114fcc831da"},"headline":"Bragan\u00e7a acolle a I International FoodTec Conference","datePublished":"2025-11-01T09:06:32+00:00","mainEntityOfPage":{"@id":"https:\/\/iaa.uvigo.gal\/es\/2025\/11\/iftc-braganca-2025\/"},"wordCount":347,"publisher":{"@id":"https:\/\/iaa.uvigo.gal\/es\/#organization"},"image":{"@id":"https:\/\/iaa.uvigo.gal\/es\/2025\/11\/iftc-braganca-2025\/#primaryimage"},"thumbnailUrl":"https:\/\/iaa.uvigo.gal\/wp-content\/uploads\/2026\/01\/FTC-Braganca.jpg","articleSection":["DUVI"],"inLanguage":"es"},{"@type":"WebPage","@id":"https:\/\/iaa.uvigo.gal\/es\/2025\/11\/iftc-braganca-2025\/","url":"https:\/\/iaa.uvigo.gal\/es\/2025\/11\/iftc-braganca-2025\/","name":"Bragan\u00e7a acolle a I International FoodTec Conference | Instituto de Agroecolox\u00eda e Alimentaci\u00f3n | UVigo","isPartOf":{"@id":"https:\/\/iaa.uvigo.gal\/es\/#website"},"primaryImageOfPage":{"@id":"https:\/\/iaa.uvigo.gal\/es\/2025\/11\/iftc-braganca-2025\/#primaryimage"},"image":{"@id":"https:\/\/iaa.uvigo.gal\/es\/2025\/11\/iftc-braganca-2025\/#primaryimage"},"thumbnailUrl":"https:\/\/iaa.uvigo.gal\/wp-content\/uploads\/2026\/01\/FTC-Braganca.jpg","datePublished":"2025-11-01T09:06:32+00:00","inLanguage":"es","potentialAction":[{"@type":"ReadAction","target":["https:\/\/iaa.uvigo.gal\/es\/2025\/11\/iftc-braganca-2025\/"]}]},{"@type":"ImageObject","inLanguage":"es","@id":"https:\/\/iaa.uvigo.gal\/es\/2025\/11\/iftc-braganca-2025\/#primaryimage","url":"https:\/\/iaa.uvigo.gal\/wp-content\/uploads\/2026\/01\/FTC-Braganca.jpg","contentUrl":"https:\/\/iaa.uvigo.gal\/wp-content\/uploads\/2026\/01\/FTC-Braganca.jpg","width":850,"height":567},{"@type":"WebSite","@id":"https:\/\/iaa.uvigo.gal\/es\/#website","url":"https:\/\/iaa.uvigo.gal\/es\/","name":"Instituto de Agroecolox\u00eda e Alimentaci\u00f3n | UVigo","description":"","publisher":{"@id":"https:\/\/iaa.uvigo.gal\/es\/#organization"},"potentialAction":[{"@type":"SearchAction","target":{"@type":"EntryPoint","urlTemplate":"https:\/\/iaa.uvigo.gal\/es\/?s={search_term_string}"},"query-input":{"@type":"PropertyValueSpecification","valueRequired":true,"valueName":"search_term_string"}}],"inLanguage":"es"},{"@type":"Organization","@id":"https:\/\/iaa.uvigo.gal\/es\/#organization","name":"Instituto de Agroecolox\u00eda e Alimentaci\u00f3n - UVigo","url":"https:\/\/iaa.uvigo.gal\/es\/","logo":{"@type":"ImageObject","inLanguage":"es","@id":"https:\/\/iaa.uvigo.gal\/es\/#\/schema\/logo\/image\/","url":"https:\/\/iaa.uvigo.gal\/wp-content\/uploads\/2024\/07\/logo-iaa.png","contentUrl":"https:\/\/iaa.uvigo.gal\/wp-content\/uploads\/2024\/07\/logo-iaa.png","width":780,"height":330,"caption":"Instituto de Agroecolox\u00eda e Alimentaci\u00f3n - UVigo"},"image":{"@id":"https:\/\/iaa.uvigo.gal\/es\/#\/schema\/logo\/image\/"}},{"@type":"Person","@id":"https:\/\/iaa.uvigo.gal\/es\/#\/schema\/person\/5bcdcd259b6df54e4713d114fcc831da","name":"Iv\u00e1n S\u00e1nchez Rodr\u00edguez","image":{"@type":"ImageObject","inLanguage":"es","@id":"https:\/\/secure.gravatar.com\/avatar\/d2bf9693d400332faab6fa2eb24ee98394d6abe3be1e2550d939f6ca3971bf29?s=96&d=mm&r=g","url":"https:\/\/secure.gravatar.com\/avatar\/d2bf9693d400332faab6fa2eb24ee98394d6abe3be1e2550d939f6ca3971bf29?s=96&d=mm&r=g","contentUrl":"https:\/\/secure.gravatar.com\/avatar\/d2bf9693d400332faab6fa2eb24ee98394d6abe3be1e2550d939f6ca3971bf29?s=96&d=mm&r=g","caption":"Iv\u00e1n S\u00e1nchez Rodr\u00edguez"}}]}},"_links":{"self":[{"href":"https:\/\/iaa.uvigo.gal\/es\/wp-json\/wp\/v2\/posts\/249875","targetHints":{"allow":["GET"]}}],"collection":[{"href":"https:\/\/iaa.uvigo.gal\/es\/wp-json\/wp\/v2\/posts"}],"about":[{"href":"https:\/\/iaa.uvigo.gal\/es\/wp-json\/wp\/v2\/types\/post"}],"author":[{"embeddable":true,"href":"https:\/\/iaa.uvigo.gal\/es\/wp-json\/wp\/v2\/users\/14"}],"replies":[{"embeddable":true,"href":"https:\/\/iaa.uvigo.gal\/es\/wp-json\/wp\/v2\/comments?post=249875"}],"version-history":[{"count":0,"href":"https:\/\/iaa.uvigo.gal\/es\/wp-json\/wp\/v2\/posts\/249875\/revisions"}],"wp:featuredmedia":[{"embeddable":true,"href":"https:\/\/iaa.uvigo.gal\/es\/wp-json\/wp\/v2\/media\/249610"}],"wp:attachment":[{"href":"https:\/\/iaa.uvigo.gal\/es\/wp-json\/wp\/v2\/media?parent=249875"}],"wp:term":[{"taxonomy":"category","embeddable":true,"href":"https:\/\/iaa.uvigo.gal\/es\/wp-json\/wp\/v2\/categories?post=249875"},{"taxonomy":"post_tag","embeddable":true,"href":"https:\/\/iaa.uvigo.gal\/es\/wp-json\/wp\/v2\/tags?post=249875"}],"curies":[{"name":"wp","href":"https:\/\/api.w.org\/{rel}","templated":true}]}}