{"id":249872,"date":"2025-11-03T12:35:27","date_gmt":"2025-11-03T11:35:27","guid":{"rendered":"https:\/\/iaa.uvigo.gal\/2025\/11\/fomentando-a-biodiversidade\/"},"modified":"2026-02-28T00:03:38","modified_gmt":"2026-02-27T23:03:38","slug":"fomentando-la-biodiversidad","status":"publish","type":"post","link":"https:\/\/iaa.uvigo.gal\/es\/2025\/11\/fomentando-la-biodiversidad\/","title":{"rendered":"Fomentando la biodiversidad y los recursos ap\u00edcolas"},"content":{"rendered":"<p>El <strong>Grupo de Investigaci\u00f3n en Sistemas Agroambientais (GISA)<\/strong> impulsa el proyecto <a href=\"https:\/\/www.uvigo.gal\/universidade\/comunicacion\/duvi\/proxecto-xornadas-fomentar-os-recursos-apicolas-contornas-forestais\"><em>Fomentando la biodiversidad: + recursos ap\u00edcolas en entornos forestales<\/em><\/a>, financiado por el V Plan Social Ence Pontevedra. La iniciativa busca mejorar la disponibilidad de polen de calidad y aumentar a biodiversidad en las \u00e1reas forestales, especialmente en eucaliptales de las R\u00edas Bajas, contribuyendo as\u00ed a la conservaci\u00f3n de las abejas y de los polinizadores.<\/p>\n<p><span data-contrast=\"auto\">En el marco del proyecto, el <\/span><b><span data-contrast=\"auto\">viernes 14 de noviembre<\/span><\/b><span data-contrast=\"auto\"> se celebra una j<\/span>ornada en la<a href=\"https:\/\/fcou.uvigo.es\/\"><b><span data-contrast=\"auto\"> Facultad de Ciencias del campus de Ourense<\/span><\/b><\/a><span data-contrast=\"auto\">, abierta al p\u00fablico, con conferencias y talleres sobre apicultura sostenible, biodiversidad y el valor nutritivo del polen.<\/span><span data-ccp-props=\"{}\">\u00a0<\/span><\/p>\n","protected":false},"excerpt":{"rendered":"<p>El Grupo de Investigaci\u00f3n en Sistemas Agroambientais (GISA) impulsa el proyecto Fomentando la biodiversidad: + recursos ap\u00edcolas en entornos forestales, financiado por el V Plan &hellip; <a class=\"excerpt_more\" href=\"https:\/\/iaa.uvigo.gal\/es\/2025\/11\/fomentando-la-biodiversidad\/\">Contin\u00faa<\/a><\/p>\n","protected":false},"author":14,"featured_media":249604,"comment_status":"closed","ping_status":"closed","sticky":false,"template":"","format":"standard","meta":{"_acf_changed":false,"footnotes":""},"categories":[94],"tags":[],"class_list":["post-249872","post","type-post","status-publish","format-standard","has-post-thumbnail","hentry","category-duvi-es"],"acf":[],"yoast_head":"<title>Fomentando la biodiversidad y los recursos ap\u00edcolas | Instituto de Agroecolox\u00eda e Alimentaci\u00f3n | UVigo<\/title>\n<meta name=\"description\" content=\"El Grupo de Investigaci\u00f3n en Sistemas Agroambientales impulsa el proyecto Fomentando la biodiversidad: m\u00e1s recursos ap\u00edcolas en entornos forestales.\" \/>\n<meta name=\"robots\" content=\"index, follow, max-snippet:-1, max-image-preview:large, max-video-preview:-1\" \/>\n<link rel=\"canonical\" href=\"https:\/\/iaa.uvigo.gal\/es\/2025\/11\/fomentando-la-biodiversidad\/\" \/>\n<meta property=\"og:locale\" content=\"es_ES\" \/>\n<meta property=\"og:type\" content=\"article\" \/>\n<meta property=\"og:title\" content=\"Fomentando la biodiversidad y los recursos ap\u00edcolas | Instituto de Agroecolox\u00eda e Alimentaci\u00f3n | UVigo\" \/>\n<meta property=\"og:description\" content=\"El Grupo de Investigaci\u00f3n en Sistemas Agroambientales impulsa el proyecto Fomentando la biodiversidad: m\u00e1s recursos ap\u00edcolas en entornos forestales.\" \/>\n<meta property=\"og:url\" content=\"https:\/\/iaa.uvigo.gal\/es\/2025\/11\/fomentando-la-biodiversidad\/\" \/>\n<meta property=\"og:site_name\" content=\"Instituto de Agroecolox\u00eda e Alimentaci\u00f3n | UVigo\" \/>\n<meta property=\"article:published_time\" content=\"2025-11-03T11:35:27+00:00\" \/>\n<meta property=\"article:modified_time\" content=\"2026-02-27T23:03:38+00:00\" \/>\n<meta property=\"og:image\" content=\"https:\/\/iaa.uvigo.gal\/wp-content\/uploads\/2026\/01\/apicultura2.jpg\" \/>\n\t<meta property=\"og:image:width\" content=\"2000\" \/>\n\t<meta property=\"og:image:height\" content=\"1284\" \/>\n\t<meta property=\"og:image:type\" content=\"image\/jpeg\" \/>\n<meta name=\"author\" content=\"Iv\u00e1n S\u00e1nchez Rodr\u00edguez\" \/>\n<meta name=\"twitter:card\" content=\"summary_large_image\" \/>\n<meta name=\"twitter:label1\" content=\"Escrito por\" \/>\n\t<meta name=\"twitter:data1\" content=\"Iv\u00e1n S\u00e1nchez Rodr\u00edguez\" \/>\n\t<meta name=\"twitter:label2\" content=\"Tiempo de lectura\" \/>\n\t<meta name=\"twitter:data2\" content=\"1 minuto\" \/>\n<script type=\"application\/ld+json\" class=\"yoast-schema-graph\">{\"@context\":\"https:\\\/\\\/schema.org\",\"@graph\":[{\"@type\":\"Article\",\"@id\":\"https:\\\/\\\/iaa.uvigo.gal\\\/es\\\/2025\\\/11\\\/fomentando-la-biodiversidad\\\/#article\",\"isPartOf\":{\"@id\":\"https:\\\/\\\/iaa.uvigo.gal\\\/es\\\/2025\\\/11\\\/fomentando-la-biodiversidad\\\/\"},\"author\":{\"name\":\"Iv\u00e1n S\u00e1nchez Rodr\u00edguez\",\"@id\":\"https:\\\/\\\/iaa.uvigo.gal\\\/es\\\/#\\\/schema\\\/person\\\/5bcdcd259b6df54e4713d114fcc831da\"},\"headline\":\"Fomentando la biodiversidad y los recursos ap\u00edcolas\",\"datePublished\":\"2025-11-03T11:35:27+00:00\",\"dateModified\":\"2026-02-27T23:03:38+00:00\",\"mainEntityOfPage\":{\"@id\":\"https:\\\/\\\/iaa.uvigo.gal\\\/es\\\/2025\\\/11\\\/fomentando-la-biodiversidad\\\/\"},\"wordCount\":116,\"publisher\":{\"@id\":\"https:\\\/\\\/iaa.uvigo.gal\\\/es\\\/#organization\"},\"image\":{\"@id\":\"https:\\\/\\\/iaa.uvigo.gal\\\/es\\\/2025\\\/11\\\/fomentando-la-biodiversidad\\\/#primaryimage\"},\"thumbnailUrl\":\"https:\\\/\\\/iaa.uvigo.gal\\\/wp-content\\\/uploads\\\/2026\\\/01\\\/apicultura2.jpg\",\"articleSection\":[\"DUVI\"],\"inLanguage\":\"es\"},{\"@type\":\"WebPage\",\"@id\":\"https:\\\/\\\/iaa.uvigo.gal\\\/es\\\/2025\\\/11\\\/fomentando-la-biodiversidad\\\/\",\"url\":\"https:\\\/\\\/iaa.uvigo.gal\\\/es\\\/2025\\\/11\\\/fomentando-la-biodiversidad\\\/\",\"name\":\"Fomentando la biodiversidad y los recursos ap\u00edcolas | Instituto de Agroecolox\u00eda e Alimentaci\u00f3n | UVigo\",\"isPartOf\":{\"@id\":\"https:\\\/\\\/iaa.uvigo.gal\\\/es\\\/#website\"},\"primaryImageOfPage\":{\"@id\":\"https:\\\/\\\/iaa.uvigo.gal\\\/es\\\/2025\\\/11\\\/fomentando-la-biodiversidad\\\/#primaryimage\"},\"image\":{\"@id\":\"https:\\\/\\\/iaa.uvigo.gal\\\/es\\\/2025\\\/11\\\/fomentando-la-biodiversidad\\\/#primaryimage\"},\"thumbnailUrl\":\"https:\\\/\\\/iaa.uvigo.gal\\\/wp-content\\\/uploads\\\/2026\\\/01\\\/apicultura2.jpg\",\"datePublished\":\"2025-11-03T11:35:27+00:00\",\"dateModified\":\"2026-02-27T23:03:38+00:00\",\"description\":\"El Grupo de Investigaci\u00f3n en Sistemas Agroambientales impulsa el proyecto Fomentando la biodiversidad: m\u00e1s recursos ap\u00edcolas en entornos forestales.\",\"inLanguage\":\"es\",\"potentialAction\":[{\"@type\":\"ReadAction\",\"target\":[\"https:\\\/\\\/iaa.uvigo.gal\\\/es\\\/2025\\\/11\\\/fomentando-la-biodiversidad\\\/\"]}]},{\"@type\":\"ImageObject\",\"inLanguage\":\"es\",\"@id\":\"https:\\\/\\\/iaa.uvigo.gal\\\/es\\\/2025\\\/11\\\/fomentando-la-biodiversidad\\\/#primaryimage\",\"url\":\"https:\\\/\\\/iaa.uvigo.gal\\\/wp-content\\\/uploads\\\/2026\\\/01\\\/apicultura2.jpg\",\"contentUrl\":\"https:\\\/\\\/iaa.uvigo.gal\\\/wp-content\\\/uploads\\\/2026\\\/01\\\/apicultura2.jpg\",\"width\":2000,\"height\":1284,\"caption\":\"Promoting biodiversity\"},{\"@type\":\"WebSite\",\"@id\":\"https:\\\/\\\/iaa.uvigo.gal\\\/es\\\/#website\",\"url\":\"https:\\\/\\\/iaa.uvigo.gal\\\/es\\\/\",\"name\":\"Instituto de Agroecolox\u00eda e Alimentaci\u00f3n | UVigo\",\"description\":\"\",\"publisher\":{\"@id\":\"https:\\\/\\\/iaa.uvigo.gal\\\/es\\\/#organization\"},\"potentialAction\":[{\"@type\":\"SearchAction\",\"target\":{\"@type\":\"EntryPoint\",\"urlTemplate\":\"https:\\\/\\\/iaa.uvigo.gal\\\/es\\\/?s={search_term_string}\"},\"query-input\":{\"@type\":\"PropertyValueSpecification\",\"valueRequired\":true,\"valueName\":\"search_term_string\"}}],\"inLanguage\":\"es\"},{\"@type\":\"Organization\",\"@id\":\"https:\\\/\\\/iaa.uvigo.gal\\\/es\\\/#organization\",\"name\":\"Instituto de Agroecolox\u00eda e Alimentaci\u00f3n - UVigo\",\"url\":\"https:\\\/\\\/iaa.uvigo.gal\\\/es\\\/\",\"logo\":{\"@type\":\"ImageObject\",\"inLanguage\":\"es\",\"@id\":\"https:\\\/\\\/iaa.uvigo.gal\\\/es\\\/#\\\/schema\\\/logo\\\/image\\\/\",\"url\":\"https:\\\/\\\/iaa.uvigo.gal\\\/wp-content\\\/uploads\\\/2024\\\/07\\\/logo-iaa.png\",\"contentUrl\":\"https:\\\/\\\/iaa.uvigo.gal\\\/wp-content\\\/uploads\\\/2024\\\/07\\\/logo-iaa.png\",\"width\":780,\"height\":330,\"caption\":\"Instituto de Agroecolox\u00eda e Alimentaci\u00f3n - UVigo\"},\"image\":{\"@id\":\"https:\\\/\\\/iaa.uvigo.gal\\\/es\\\/#\\\/schema\\\/logo\\\/image\\\/\"}},{\"@type\":\"Person\",\"@id\":\"https:\\\/\\\/iaa.uvigo.gal\\\/es\\\/#\\\/schema\\\/person\\\/5bcdcd259b6df54e4713d114fcc831da\",\"name\":\"Iv\u00e1n S\u00e1nchez Rodr\u00edguez\",\"image\":{\"@type\":\"ImageObject\",\"inLanguage\":\"es\",\"@id\":\"https:\\\/\\\/secure.gravatar.com\\\/avatar\\\/d2bf9693d400332faab6fa2eb24ee98394d6abe3be1e2550d939f6ca3971bf29?s=96&d=mm&r=g\",\"url\":\"https:\\\/\\\/secure.gravatar.com\\\/avatar\\\/d2bf9693d400332faab6fa2eb24ee98394d6abe3be1e2550d939f6ca3971bf29?s=96&d=mm&r=g\",\"contentUrl\":\"https:\\\/\\\/secure.gravatar.com\\\/avatar\\\/d2bf9693d400332faab6fa2eb24ee98394d6abe3be1e2550d939f6ca3971bf29?s=96&d=mm&r=g\",\"caption\":\"Iv\u00e1n S\u00e1nchez Rodr\u00edguez\"}}]}<\/script>","yoast_head_json":{"title":"Fomentando la biodiversidad y los recursos ap\u00edcolas | Instituto de Agroecolox\u00eda e Alimentaci\u00f3n | UVigo","description":"El Grupo de Investigaci\u00f3n en Sistemas Agroambientales impulsa el proyecto Fomentando la biodiversidad: m\u00e1s recursos ap\u00edcolas en entornos forestales.","robots":{"index":"index","follow":"follow","max-snippet":"max-snippet:-1","max-image-preview":"max-image-preview:large","max-video-preview":"max-video-preview:-1"},"canonical":"https:\/\/iaa.uvigo.gal\/es\/2025\/11\/fomentando-la-biodiversidad\/","og_locale":"es_ES","og_type":"article","og_title":"Fomentando la biodiversidad y los recursos ap\u00edcolas | Instituto de Agroecolox\u00eda e Alimentaci\u00f3n | UVigo","og_description":"El Grupo de Investigaci\u00f3n en Sistemas Agroambientales impulsa el proyecto Fomentando la biodiversidad: m\u00e1s recursos ap\u00edcolas en entornos forestales.","og_url":"https:\/\/iaa.uvigo.gal\/es\/2025\/11\/fomentando-la-biodiversidad\/","og_site_name":"Instituto de Agroecolox\u00eda e Alimentaci\u00f3n | UVigo","article_published_time":"2025-11-03T11:35:27+00:00","article_modified_time":"2026-02-27T23:03:38+00:00","og_image":[{"width":2000,"height":1284,"url":"https:\/\/iaa.uvigo.gal\/wp-content\/uploads\/2026\/01\/apicultura2.jpg","type":"image\/jpeg"}],"author":"Iv\u00e1n S\u00e1nchez Rodr\u00edguez","twitter_card":"summary_large_image","twitter_misc":{"Escrito por":"Iv\u00e1n S\u00e1nchez Rodr\u00edguez","Tiempo de lectura":"1 minuto"},"schema":{"@context":"https:\/\/schema.org","@graph":[{"@type":"Article","@id":"https:\/\/iaa.uvigo.gal\/es\/2025\/11\/fomentando-la-biodiversidad\/#article","isPartOf":{"@id":"https:\/\/iaa.uvigo.gal\/es\/2025\/11\/fomentando-la-biodiversidad\/"},"author":{"name":"Iv\u00e1n S\u00e1nchez Rodr\u00edguez","@id":"https:\/\/iaa.uvigo.gal\/es\/#\/schema\/person\/5bcdcd259b6df54e4713d114fcc831da"},"headline":"Fomentando la biodiversidad y los recursos ap\u00edcolas","datePublished":"2025-11-03T11:35:27+00:00","dateModified":"2026-02-27T23:03:38+00:00","mainEntityOfPage":{"@id":"https:\/\/iaa.uvigo.gal\/es\/2025\/11\/fomentando-la-biodiversidad\/"},"wordCount":116,"publisher":{"@id":"https:\/\/iaa.uvigo.gal\/es\/#organization"},"image":{"@id":"https:\/\/iaa.uvigo.gal\/es\/2025\/11\/fomentando-la-biodiversidad\/#primaryimage"},"thumbnailUrl":"https:\/\/iaa.uvigo.gal\/wp-content\/uploads\/2026\/01\/apicultura2.jpg","articleSection":["DUVI"],"inLanguage":"es"},{"@type":"WebPage","@id":"https:\/\/iaa.uvigo.gal\/es\/2025\/11\/fomentando-la-biodiversidad\/","url":"https:\/\/iaa.uvigo.gal\/es\/2025\/11\/fomentando-la-biodiversidad\/","name":"Fomentando la biodiversidad y los recursos ap\u00edcolas | Instituto de Agroecolox\u00eda e Alimentaci\u00f3n | UVigo","isPartOf":{"@id":"https:\/\/iaa.uvigo.gal\/es\/#website"},"primaryImageOfPage":{"@id":"https:\/\/iaa.uvigo.gal\/es\/2025\/11\/fomentando-la-biodiversidad\/#primaryimage"},"image":{"@id":"https:\/\/iaa.uvigo.gal\/es\/2025\/11\/fomentando-la-biodiversidad\/#primaryimage"},"thumbnailUrl":"https:\/\/iaa.uvigo.gal\/wp-content\/uploads\/2026\/01\/apicultura2.jpg","datePublished":"2025-11-03T11:35:27+00:00","dateModified":"2026-02-27T23:03:38+00:00","description":"El Grupo de Investigaci\u00f3n en Sistemas Agroambientales impulsa el proyecto Fomentando la biodiversidad: m\u00e1s recursos ap\u00edcolas en entornos forestales.","inLanguage":"es","potentialAction":[{"@type":"ReadAction","target":["https:\/\/iaa.uvigo.gal\/es\/2025\/11\/fomentando-la-biodiversidad\/"]}]},{"@type":"ImageObject","inLanguage":"es","@id":"https:\/\/iaa.uvigo.gal\/es\/2025\/11\/fomentando-la-biodiversidad\/#primaryimage","url":"https:\/\/iaa.uvigo.gal\/wp-content\/uploads\/2026\/01\/apicultura2.jpg","contentUrl":"https:\/\/iaa.uvigo.gal\/wp-content\/uploads\/2026\/01\/apicultura2.jpg","width":2000,"height":1284,"caption":"Promoting biodiversity"},{"@type":"WebSite","@id":"https:\/\/iaa.uvigo.gal\/es\/#website","url":"https:\/\/iaa.uvigo.gal\/es\/","name":"Instituto de Agroecolox\u00eda e Alimentaci\u00f3n | UVigo","description":"","publisher":{"@id":"https:\/\/iaa.uvigo.gal\/es\/#organization"},"potentialAction":[{"@type":"SearchAction","target":{"@type":"EntryPoint","urlTemplate":"https:\/\/iaa.uvigo.gal\/es\/?s={search_term_string}"},"query-input":{"@type":"PropertyValueSpecification","valueRequired":true,"valueName":"search_term_string"}}],"inLanguage":"es"},{"@type":"Organization","@id":"https:\/\/iaa.uvigo.gal\/es\/#organization","name":"Instituto de Agroecolox\u00eda e Alimentaci\u00f3n - UVigo","url":"https:\/\/iaa.uvigo.gal\/es\/","logo":{"@type":"ImageObject","inLanguage":"es","@id":"https:\/\/iaa.uvigo.gal\/es\/#\/schema\/logo\/image\/","url":"https:\/\/iaa.uvigo.gal\/wp-content\/uploads\/2024\/07\/logo-iaa.png","contentUrl":"https:\/\/iaa.uvigo.gal\/wp-content\/uploads\/2024\/07\/logo-iaa.png","width":780,"height":330,"caption":"Instituto de Agroecolox\u00eda e Alimentaci\u00f3n - UVigo"},"image":{"@id":"https:\/\/iaa.uvigo.gal\/es\/#\/schema\/logo\/image\/"}},{"@type":"Person","@id":"https:\/\/iaa.uvigo.gal\/es\/#\/schema\/person\/5bcdcd259b6df54e4713d114fcc831da","name":"Iv\u00e1n S\u00e1nchez Rodr\u00edguez","image":{"@type":"ImageObject","inLanguage":"es","@id":"https:\/\/secure.gravatar.com\/avatar\/d2bf9693d400332faab6fa2eb24ee98394d6abe3be1e2550d939f6ca3971bf29?s=96&d=mm&r=g","url":"https:\/\/secure.gravatar.com\/avatar\/d2bf9693d400332faab6fa2eb24ee98394d6abe3be1e2550d939f6ca3971bf29?s=96&d=mm&r=g","contentUrl":"https:\/\/secure.gravatar.com\/avatar\/d2bf9693d400332faab6fa2eb24ee98394d6abe3be1e2550d939f6ca3971bf29?s=96&d=mm&r=g","caption":"Iv\u00e1n S\u00e1nchez Rodr\u00edguez"}}]}},"_links":{"self":[{"href":"https:\/\/iaa.uvigo.gal\/es\/wp-json\/wp\/v2\/posts\/249872","targetHints":{"allow":["GET"]}}],"collection":[{"href":"https:\/\/iaa.uvigo.gal\/es\/wp-json\/wp\/v2\/posts"}],"about":[{"href":"https:\/\/iaa.uvigo.gal\/es\/wp-json\/wp\/v2\/types\/post"}],"author":[{"embeddable":true,"href":"https:\/\/iaa.uvigo.gal\/es\/wp-json\/wp\/v2\/users\/14"}],"replies":[{"embeddable":true,"href":"https:\/\/iaa.uvigo.gal\/es\/wp-json\/wp\/v2\/comments?post=249872"}],"version-history":[{"count":2,"href":"https:\/\/iaa.uvigo.gal\/es\/wp-json\/wp\/v2\/posts\/249872\/revisions"}],"predecessor-version":[{"id":249963,"href":"https:\/\/iaa.uvigo.gal\/es\/wp-json\/wp\/v2\/posts\/249872\/revisions\/249963"}],"wp:featuredmedia":[{"embeddable":true,"href":"https:\/\/iaa.uvigo.gal\/es\/wp-json\/wp\/v2\/media\/249604"}],"wp:attachment":[{"href":"https:\/\/iaa.uvigo.gal\/es\/wp-json\/wp\/v2\/media?parent=249872"}],"wp:term":[{"taxonomy":"category","embeddable":true,"href":"https:\/\/iaa.uvigo.gal\/es\/wp-json\/wp\/v2\/categories?post=249872"},{"taxonomy":"post_tag","embeddable":true,"href":"https:\/\/iaa.uvigo.gal\/es\/wp-json\/wp\/v2\/tags?post=249872"}],"curies":[{"name":"wp","href":"https:\/\/api.w.org\/{rel}","templated":true}]}}