{"id":249870,"date":"2025-11-07T10:56:27","date_gmt":"2025-11-07T09:56:27","guid":{"rendered":"https:\/\/iaa.uvigo.gal\/2025\/11\/a-uvigo-participa-en-dous-proxectos-internacionais\/"},"modified":"2026-02-26T10:47:48","modified_gmt":"2026-02-26T09:47:48","slug":"uvigo-impulsa-viticultura-sostenible-con-proyectos-internacionales","status":"publish","type":"post","link":"https:\/\/iaa.uvigo.gal\/es\/2025\/11\/uvigo-impulsa-viticultura-sostenible-con-proyectos-internacionales\/","title":{"rendered":"UVigo impulsa viticultura sostenible con proyectos internacionales"},"content":{"rendered":"<p>A Universidade de Vigo, a trav\u00e9s do grupo BV1 \u2013 Pranta, Solo e Aproveitamento de Subprodutos, que forma parte do IAA, participa en dous proxectos europeos financiados polo programa Interreg Sudoe, centrados na mellora da sustentabilidade dos vi\u00f1edos.<\/p>\n<h2><strong>Soil&amp;WineResidues<\/strong><\/h2>\n<p>El proyecto Soil&amp;WineResidues \u2013 Sostenibilidad del suelo del vi\u00f1edo y aprovechamiento ecoeficiente de los residuos vitivin\u00edcolas, coordinado por la Misi\u00f3n Biol\u00f3gica de Galicia (CSIC), cuenta con 14 socios de Espa\u00f1a, Portugal y Francia y un presupuesto de casi 1,8 millones de euros. La participaci\u00f3n de la Universidad de Vigo est\u00e1 liderada por Vanesa Sant\u00e1s Miguel (BV1, IAA).<\/p>\n<p>La iniciativa promueve una econom\u00eda circular, aprovechando residuos lignocelul\u00f3sicos de las vi\u00f1as para mejorar la fertilidad del suelo, desarrollar productos comerciales y generar energ\u00eda renovable. Se analizar\u00e1 el estado de los suelos, sus servicios ecosist\u00e9micos y el papel de los residuos en la ecoeficiencia y la biorrefiner\u00eda.<\/p>\n<p>Adem\u00e1s, se implementar\u00e1n dos proyectos piloto con actores locales para evaluar la salud del suelo, el uso de los residuos y el efecto de los fungicidas. Se espera que los resultados del proyecto contribuyan a la toma de decisiones territoriales, a la transferencia de conocimiento y al desarrollo rural, fortaleciendo la competitividad y resiliencia del sector frente al cambio clim\u00e1tico.<\/p>\n<h2 data-start=\"1191\" data-end=\"2060\"><strong data-start=\"2082\" data-end=\"2200\">Viti-Valmo<\/strong><\/h2>\n<p>El proyecto Viti-Valmo \u2013 Valorizaci\u00f3n de residuos org\u00e1nicos locales para una viticultura resiliente frente al cambio clim\u00e1tico, coordinado por Agropolis International, cuenta con seis socios de Espa\u00f1a, Portugal y Francia, y con la participaci\u00f3n de la UVigo y el Inorde, con un presupuesto de casi 1,17 millones de euros. En este caso, la participaci\u00f3n de la Universidad de Vigo est\u00e1 liderada por Manuel Conde Cid (BV1, IAA).<\/p>\n<p>El proyecto busca mejorar los suelos vit\u00edcolas mediante enmiendas org\u00e1nicas combinadas con biocarb\u00f3n, compost y bioestimulantes, con el objetivo de aumentar la fertilidad, biodiversidad y retenci\u00f3n de agua.<\/p>\n<p>Para superar los retos de coste y producci\u00f3n del biocarb\u00f3n, se desarrollar\u00e1 una unidad m\u00f3vil de transformaci\u00f3n, que se probar\u00e1 en distintas zonas del espacio Sudoe. La iniciativa incluye tambi\u00e9n diagn\u00f3sticos y estrategias para valorar los residuos locales y adaptarlos a diferentes contextos ambientales y socioecon\u00f3micos.<\/p>\n","protected":false},"excerpt":{"rendered":"<p>A Universidade de Vigo, a trav\u00e9s do grupo BV1 \u2013 Pranta, Solo e Aproveitamento de Subprodutos, que forma parte do IAA, participa en dous proxectos &hellip; <a class=\"excerpt_more\" href=\"https:\/\/iaa.uvigo.gal\/es\/2025\/11\/uvigo-impulsa-viticultura-sostenible-con-proyectos-internacionales\/\">Contin\u00faa<\/a><\/p>\n","protected":false},"author":14,"featured_media":249622,"comment_status":"closed","ping_status":"closed","sticky":false,"template":"","format":"standard","meta":{"_acf_changed":false,"footnotes":""},"categories":[94],"tags":[],"class_list":["post-249870","post","type-post","status-publish","format-standard","has-post-thumbnail","hentry","category-duvi-es"],"acf":[],"yoast_head":"<title>UVigo impulsa viticultura sostenible con proyectos internacionales | Instituto de Agroecolox\u00eda e Alimentaci\u00f3n | UVigo<\/title>\n<meta name=\"description\" content=\"La UVigo impulsa la viticultura sostenible con dos proyectos internacionales a trav\u00e9s del IAA y del grupo BV1.\" \/>\n<meta name=\"robots\" content=\"index, follow, max-snippet:-1, max-image-preview:large, max-video-preview:-1\" \/>\n<link rel=\"canonical\" href=\"https:\/\/iaa.uvigo.gal\/es\/2025\/11\/uvigo-impulsa-viticultura-sostenible-con-proyectos-internacionales\/\" \/>\n<meta property=\"og:locale\" content=\"es_ES\" \/>\n<meta property=\"og:type\" content=\"article\" \/>\n<meta property=\"og:title\" content=\"UVigo impulsa viticultura sostenible con proyectos internacionales | Instituto de Agroecolox\u00eda e Alimentaci\u00f3n | UVigo\" \/>\n<meta property=\"og:description\" content=\"La UVigo impulsa la viticultura sostenible con dos proyectos internacionales a trav\u00e9s del IAA y del grupo BV1.\" \/>\n<meta property=\"og:url\" content=\"https:\/\/iaa.uvigo.gal\/es\/2025\/11\/uvigo-impulsa-viticultura-sostenible-con-proyectos-internacionales\/\" \/>\n<meta property=\"og:site_name\" content=\"Instituto de Agroecolox\u00eda e Alimentaci\u00f3n | UVigo\" \/>\n<meta property=\"article:published_time\" content=\"2025-11-07T09:56:27+00:00\" \/>\n<meta property=\"article:modified_time\" content=\"2026-02-26T09:47:48+00:00\" \/>\n<meta property=\"og:image\" content=\"https:\/\/iaa.uvigo.gal\/wp-content\/uploads\/2026\/01\/SWR_VITI-VALMO-1.png\" \/>\n\t<meta property=\"og:image:width\" content=\"938\" \/>\n\t<meta property=\"og:image:height\" content=\"480\" \/>\n\t<meta property=\"og:image:type\" content=\"image\/png\" \/>\n<meta name=\"author\" content=\"Iv\u00e1n S\u00e1nchez Rodr\u00edguez\" \/>\n<meta name=\"twitter:card\" content=\"summary_large_image\" \/>\n<meta name=\"twitter:label1\" content=\"Escrito por\" \/>\n\t<meta name=\"twitter:data1\" content=\"Iv\u00e1n S\u00e1nchez Rodr\u00edguez\" \/>\n\t<meta name=\"twitter:label2\" content=\"Tiempo de lectura\" \/>\n\t<meta name=\"twitter:data2\" content=\"2 minutos\" \/>\n<script type=\"application\/ld+json\" class=\"yoast-schema-graph\">{\"@context\":\"https:\\\/\\\/schema.org\",\"@graph\":[{\"@type\":\"Article\",\"@id\":\"https:\\\/\\\/iaa.uvigo.gal\\\/es\\\/2025\\\/11\\\/uvigo-impulsa-viticultura-sostenible-con-proyectos-internacionales\\\/#article\",\"isPartOf\":{\"@id\":\"https:\\\/\\\/iaa.uvigo.gal\\\/es\\\/2025\\\/11\\\/uvigo-impulsa-viticultura-sostenible-con-proyectos-internacionales\\\/\"},\"author\":{\"name\":\"Iv\u00e1n S\u00e1nchez Rodr\u00edguez\",\"@id\":\"https:\\\/\\\/iaa.uvigo.gal\\\/es\\\/#\\\/schema\\\/person\\\/5bcdcd259b6df54e4713d114fcc831da\"},\"headline\":\"UVigo impulsa viticultura sostenible con proyectos internacionales\",\"datePublished\":\"2025-11-07T09:56:27+00:00\",\"dateModified\":\"2026-02-26T09:47:48+00:00\",\"mainEntityOfPage\":{\"@id\":\"https:\\\/\\\/iaa.uvigo.gal\\\/es\\\/2025\\\/11\\\/uvigo-impulsa-viticultura-sostenible-con-proyectos-internacionales\\\/\"},\"wordCount\":385,\"publisher\":{\"@id\":\"https:\\\/\\\/iaa.uvigo.gal\\\/es\\\/#organization\"},\"image\":{\"@id\":\"https:\\\/\\\/iaa.uvigo.gal\\\/es\\\/2025\\\/11\\\/uvigo-impulsa-viticultura-sostenible-con-proyectos-internacionales\\\/#primaryimage\"},\"thumbnailUrl\":\"https:\\\/\\\/iaa.uvigo.gal\\\/wp-content\\\/uploads\\\/2026\\\/01\\\/SWR_VITI-VALMO-1.png\",\"articleSection\":[\"DUVI\"],\"inLanguage\":\"es\"},{\"@type\":\"WebPage\",\"@id\":\"https:\\\/\\\/iaa.uvigo.gal\\\/es\\\/2025\\\/11\\\/uvigo-impulsa-viticultura-sostenible-con-proyectos-internacionales\\\/\",\"url\":\"https:\\\/\\\/iaa.uvigo.gal\\\/es\\\/2025\\\/11\\\/uvigo-impulsa-viticultura-sostenible-con-proyectos-internacionales\\\/\",\"name\":\"UVigo impulsa viticultura sostenible con proyectos internacionales | Instituto de Agroecolox\u00eda e Alimentaci\u00f3n | UVigo\",\"isPartOf\":{\"@id\":\"https:\\\/\\\/iaa.uvigo.gal\\\/es\\\/#website\"},\"primaryImageOfPage\":{\"@id\":\"https:\\\/\\\/iaa.uvigo.gal\\\/es\\\/2025\\\/11\\\/uvigo-impulsa-viticultura-sostenible-con-proyectos-internacionales\\\/#primaryimage\"},\"image\":{\"@id\":\"https:\\\/\\\/iaa.uvigo.gal\\\/es\\\/2025\\\/11\\\/uvigo-impulsa-viticultura-sostenible-con-proyectos-internacionales\\\/#primaryimage\"},\"thumbnailUrl\":\"https:\\\/\\\/iaa.uvigo.gal\\\/wp-content\\\/uploads\\\/2026\\\/01\\\/SWR_VITI-VALMO-1.png\",\"datePublished\":\"2025-11-07T09:56:27+00:00\",\"dateModified\":\"2026-02-26T09:47:48+00:00\",\"description\":\"La UVigo impulsa la viticultura sostenible con dos proyectos internacionales a trav\u00e9s del IAA y del grupo BV1.\",\"inLanguage\":\"es\",\"potentialAction\":[{\"@type\":\"ReadAction\",\"target\":[\"https:\\\/\\\/iaa.uvigo.gal\\\/es\\\/2025\\\/11\\\/uvigo-impulsa-viticultura-sostenible-con-proyectos-internacionales\\\/\"]}]},{\"@type\":\"ImageObject\",\"inLanguage\":\"es\",\"@id\":\"https:\\\/\\\/iaa.uvigo.gal\\\/es\\\/2025\\\/11\\\/uvigo-impulsa-viticultura-sostenible-con-proyectos-internacionales\\\/#primaryimage\",\"url\":\"https:\\\/\\\/iaa.uvigo.gal\\\/wp-content\\\/uploads\\\/2026\\\/01\\\/SWR_VITI-VALMO-1.png\",\"contentUrl\":\"https:\\\/\\\/iaa.uvigo.gal\\\/wp-content\\\/uploads\\\/2026\\\/01\\\/SWR_VITI-VALMO-1.png\",\"width\":938,\"height\":480},{\"@type\":\"WebSite\",\"@id\":\"https:\\\/\\\/iaa.uvigo.gal\\\/es\\\/#website\",\"url\":\"https:\\\/\\\/iaa.uvigo.gal\\\/es\\\/\",\"name\":\"Instituto de Agroecolox\u00eda e Alimentaci\u00f3n | UVigo\",\"description\":\"\",\"publisher\":{\"@id\":\"https:\\\/\\\/iaa.uvigo.gal\\\/es\\\/#organization\"},\"potentialAction\":[{\"@type\":\"SearchAction\",\"target\":{\"@type\":\"EntryPoint\",\"urlTemplate\":\"https:\\\/\\\/iaa.uvigo.gal\\\/es\\\/?s={search_term_string}\"},\"query-input\":{\"@type\":\"PropertyValueSpecification\",\"valueRequired\":true,\"valueName\":\"search_term_string\"}}],\"inLanguage\":\"es\"},{\"@type\":\"Organization\",\"@id\":\"https:\\\/\\\/iaa.uvigo.gal\\\/es\\\/#organization\",\"name\":\"Instituto de Agroecolox\u00eda e Alimentaci\u00f3n - UVigo\",\"url\":\"https:\\\/\\\/iaa.uvigo.gal\\\/es\\\/\",\"logo\":{\"@type\":\"ImageObject\",\"inLanguage\":\"es\",\"@id\":\"https:\\\/\\\/iaa.uvigo.gal\\\/es\\\/#\\\/schema\\\/logo\\\/image\\\/\",\"url\":\"https:\\\/\\\/iaa.uvigo.gal\\\/wp-content\\\/uploads\\\/2024\\\/07\\\/logo-iaa.png\",\"contentUrl\":\"https:\\\/\\\/iaa.uvigo.gal\\\/wp-content\\\/uploads\\\/2024\\\/07\\\/logo-iaa.png\",\"width\":780,\"height\":330,\"caption\":\"Instituto de Agroecolox\u00eda e Alimentaci\u00f3n - UVigo\"},\"image\":{\"@id\":\"https:\\\/\\\/iaa.uvigo.gal\\\/es\\\/#\\\/schema\\\/logo\\\/image\\\/\"}},{\"@type\":\"Person\",\"@id\":\"https:\\\/\\\/iaa.uvigo.gal\\\/es\\\/#\\\/schema\\\/person\\\/5bcdcd259b6df54e4713d114fcc831da\",\"name\":\"Iv\u00e1n S\u00e1nchez Rodr\u00edguez\",\"image\":{\"@type\":\"ImageObject\",\"inLanguage\":\"es\",\"@id\":\"https:\\\/\\\/secure.gravatar.com\\\/avatar\\\/d2bf9693d400332faab6fa2eb24ee98394d6abe3be1e2550d939f6ca3971bf29?s=96&d=mm&r=g\",\"url\":\"https:\\\/\\\/secure.gravatar.com\\\/avatar\\\/d2bf9693d400332faab6fa2eb24ee98394d6abe3be1e2550d939f6ca3971bf29?s=96&d=mm&r=g\",\"contentUrl\":\"https:\\\/\\\/secure.gravatar.com\\\/avatar\\\/d2bf9693d400332faab6fa2eb24ee98394d6abe3be1e2550d939f6ca3971bf29?s=96&d=mm&r=g\",\"caption\":\"Iv\u00e1n S\u00e1nchez Rodr\u00edguez\"}}]}<\/script>","yoast_head_json":{"title":"UVigo impulsa viticultura sostenible con proyectos internacionales | Instituto de Agroecolox\u00eda e Alimentaci\u00f3n | UVigo","description":"La UVigo impulsa la viticultura sostenible con dos proyectos internacionales a trav\u00e9s del IAA y del grupo BV1.","robots":{"index":"index","follow":"follow","max-snippet":"max-snippet:-1","max-image-preview":"max-image-preview:large","max-video-preview":"max-video-preview:-1"},"canonical":"https:\/\/iaa.uvigo.gal\/es\/2025\/11\/uvigo-impulsa-viticultura-sostenible-con-proyectos-internacionales\/","og_locale":"es_ES","og_type":"article","og_title":"UVigo impulsa viticultura sostenible con proyectos internacionales | Instituto de Agroecolox\u00eda e Alimentaci\u00f3n | UVigo","og_description":"La UVigo impulsa la viticultura sostenible con dos proyectos internacionales a trav\u00e9s del IAA y del grupo BV1.","og_url":"https:\/\/iaa.uvigo.gal\/es\/2025\/11\/uvigo-impulsa-viticultura-sostenible-con-proyectos-internacionales\/","og_site_name":"Instituto de Agroecolox\u00eda e Alimentaci\u00f3n | UVigo","article_published_time":"2025-11-07T09:56:27+00:00","article_modified_time":"2026-02-26T09:47:48+00:00","og_image":[{"width":938,"height":480,"url":"https:\/\/iaa.uvigo.gal\/wp-content\/uploads\/2026\/01\/SWR_VITI-VALMO-1.png","type":"image\/png"}],"author":"Iv\u00e1n S\u00e1nchez Rodr\u00edguez","twitter_card":"summary_large_image","twitter_misc":{"Escrito por":"Iv\u00e1n S\u00e1nchez Rodr\u00edguez","Tiempo de lectura":"2 minutos"},"schema":{"@context":"https:\/\/schema.org","@graph":[{"@type":"Article","@id":"https:\/\/iaa.uvigo.gal\/es\/2025\/11\/uvigo-impulsa-viticultura-sostenible-con-proyectos-internacionales\/#article","isPartOf":{"@id":"https:\/\/iaa.uvigo.gal\/es\/2025\/11\/uvigo-impulsa-viticultura-sostenible-con-proyectos-internacionales\/"},"author":{"name":"Iv\u00e1n S\u00e1nchez Rodr\u00edguez","@id":"https:\/\/iaa.uvigo.gal\/es\/#\/schema\/person\/5bcdcd259b6df54e4713d114fcc831da"},"headline":"UVigo impulsa viticultura sostenible con proyectos internacionales","datePublished":"2025-11-07T09:56:27+00:00","dateModified":"2026-02-26T09:47:48+00:00","mainEntityOfPage":{"@id":"https:\/\/iaa.uvigo.gal\/es\/2025\/11\/uvigo-impulsa-viticultura-sostenible-con-proyectos-internacionales\/"},"wordCount":385,"publisher":{"@id":"https:\/\/iaa.uvigo.gal\/es\/#organization"},"image":{"@id":"https:\/\/iaa.uvigo.gal\/es\/2025\/11\/uvigo-impulsa-viticultura-sostenible-con-proyectos-internacionales\/#primaryimage"},"thumbnailUrl":"https:\/\/iaa.uvigo.gal\/wp-content\/uploads\/2026\/01\/SWR_VITI-VALMO-1.png","articleSection":["DUVI"],"inLanguage":"es"},{"@type":"WebPage","@id":"https:\/\/iaa.uvigo.gal\/es\/2025\/11\/uvigo-impulsa-viticultura-sostenible-con-proyectos-internacionales\/","url":"https:\/\/iaa.uvigo.gal\/es\/2025\/11\/uvigo-impulsa-viticultura-sostenible-con-proyectos-internacionales\/","name":"UVigo impulsa viticultura sostenible con proyectos internacionales | Instituto de Agroecolox\u00eda e Alimentaci\u00f3n | UVigo","isPartOf":{"@id":"https:\/\/iaa.uvigo.gal\/es\/#website"},"primaryImageOfPage":{"@id":"https:\/\/iaa.uvigo.gal\/es\/2025\/11\/uvigo-impulsa-viticultura-sostenible-con-proyectos-internacionales\/#primaryimage"},"image":{"@id":"https:\/\/iaa.uvigo.gal\/es\/2025\/11\/uvigo-impulsa-viticultura-sostenible-con-proyectos-internacionales\/#primaryimage"},"thumbnailUrl":"https:\/\/iaa.uvigo.gal\/wp-content\/uploads\/2026\/01\/SWR_VITI-VALMO-1.png","datePublished":"2025-11-07T09:56:27+00:00","dateModified":"2026-02-26T09:47:48+00:00","description":"La UVigo impulsa la viticultura sostenible con dos proyectos internacionales a trav\u00e9s del IAA y del grupo BV1.","inLanguage":"es","potentialAction":[{"@type":"ReadAction","target":["https:\/\/iaa.uvigo.gal\/es\/2025\/11\/uvigo-impulsa-viticultura-sostenible-con-proyectos-internacionales\/"]}]},{"@type":"ImageObject","inLanguage":"es","@id":"https:\/\/iaa.uvigo.gal\/es\/2025\/11\/uvigo-impulsa-viticultura-sostenible-con-proyectos-internacionales\/#primaryimage","url":"https:\/\/iaa.uvigo.gal\/wp-content\/uploads\/2026\/01\/SWR_VITI-VALMO-1.png","contentUrl":"https:\/\/iaa.uvigo.gal\/wp-content\/uploads\/2026\/01\/SWR_VITI-VALMO-1.png","width":938,"height":480},{"@type":"WebSite","@id":"https:\/\/iaa.uvigo.gal\/es\/#website","url":"https:\/\/iaa.uvigo.gal\/es\/","name":"Instituto de Agroecolox\u00eda e Alimentaci\u00f3n | UVigo","description":"","publisher":{"@id":"https:\/\/iaa.uvigo.gal\/es\/#organization"},"potentialAction":[{"@type":"SearchAction","target":{"@type":"EntryPoint","urlTemplate":"https:\/\/iaa.uvigo.gal\/es\/?s={search_term_string}"},"query-input":{"@type":"PropertyValueSpecification","valueRequired":true,"valueName":"search_term_string"}}],"inLanguage":"es"},{"@type":"Organization","@id":"https:\/\/iaa.uvigo.gal\/es\/#organization","name":"Instituto de Agroecolox\u00eda e Alimentaci\u00f3n - UVigo","url":"https:\/\/iaa.uvigo.gal\/es\/","logo":{"@type":"ImageObject","inLanguage":"es","@id":"https:\/\/iaa.uvigo.gal\/es\/#\/schema\/logo\/image\/","url":"https:\/\/iaa.uvigo.gal\/wp-content\/uploads\/2024\/07\/logo-iaa.png","contentUrl":"https:\/\/iaa.uvigo.gal\/wp-content\/uploads\/2024\/07\/logo-iaa.png","width":780,"height":330,"caption":"Instituto de Agroecolox\u00eda e Alimentaci\u00f3n - UVigo"},"image":{"@id":"https:\/\/iaa.uvigo.gal\/es\/#\/schema\/logo\/image\/"}},{"@type":"Person","@id":"https:\/\/iaa.uvigo.gal\/es\/#\/schema\/person\/5bcdcd259b6df54e4713d114fcc831da","name":"Iv\u00e1n S\u00e1nchez Rodr\u00edguez","image":{"@type":"ImageObject","inLanguage":"es","@id":"https:\/\/secure.gravatar.com\/avatar\/d2bf9693d400332faab6fa2eb24ee98394d6abe3be1e2550d939f6ca3971bf29?s=96&d=mm&r=g","url":"https:\/\/secure.gravatar.com\/avatar\/d2bf9693d400332faab6fa2eb24ee98394d6abe3be1e2550d939f6ca3971bf29?s=96&d=mm&r=g","contentUrl":"https:\/\/secure.gravatar.com\/avatar\/d2bf9693d400332faab6fa2eb24ee98394d6abe3be1e2550d939f6ca3971bf29?s=96&d=mm&r=g","caption":"Iv\u00e1n S\u00e1nchez Rodr\u00edguez"}}]}},"_links":{"self":[{"href":"https:\/\/iaa.uvigo.gal\/es\/wp-json\/wp\/v2\/posts\/249870","targetHints":{"allow":["GET"]}}],"collection":[{"href":"https:\/\/iaa.uvigo.gal\/es\/wp-json\/wp\/v2\/posts"}],"about":[{"href":"https:\/\/iaa.uvigo.gal\/es\/wp-json\/wp\/v2\/types\/post"}],"author":[{"embeddable":true,"href":"https:\/\/iaa.uvigo.gal\/es\/wp-json\/wp\/v2\/users\/14"}],"replies":[{"embeddable":true,"href":"https:\/\/iaa.uvigo.gal\/es\/wp-json\/wp\/v2\/comments?post=249870"}],"version-history":[{"count":5,"href":"https:\/\/iaa.uvigo.gal\/es\/wp-json\/wp\/v2\/posts\/249870\/revisions"}],"predecessor-version":[{"id":249948,"href":"https:\/\/iaa.uvigo.gal\/es\/wp-json\/wp\/v2\/posts\/249870\/revisions\/249948"}],"wp:featuredmedia":[{"embeddable":true,"href":"https:\/\/iaa.uvigo.gal\/es\/wp-json\/wp\/v2\/media\/249622"}],"wp:attachment":[{"href":"https:\/\/iaa.uvigo.gal\/es\/wp-json\/wp\/v2\/media?parent=249870"}],"wp:term":[{"taxonomy":"category","embeddable":true,"href":"https:\/\/iaa.uvigo.gal\/es\/wp-json\/wp\/v2\/categories?post=249870"},{"taxonomy":"post_tag","embeddable":true,"href":"https:\/\/iaa.uvigo.gal\/es\/wp-json\/wp\/v2\/tags?post=249870"}],"curies":[{"name":"wp","href":"https:\/\/api.w.org\/{rel}","templated":true}]}}