{"id":249868,"date":"2025-11-08T01:59:50","date_gmt":"2025-11-08T00:59:50","guid":{"rendered":"https:\/\/iaa.uvigo.gal\/2025\/11\/campus-auga-innovacion-sustentabilidade-e-conecemento-ao-servizo-do-territorio\/"},"modified":"2026-02-25T16:30:17","modified_gmt":"2026-02-25T15:30:17","slug":"campus-auga-e-iaa-impulsan-el-desarrollo-local","status":"publish","type":"post","link":"https:\/\/iaa.uvigo.gal\/es\/2025\/11\/campus-auga-e-iaa-impulsan-el-desarrollo-local\/","title":{"rendered":"Campus Auga e IAA impulsan el desarrollo local"},"content":{"rendered":"<p>El 31 de octubre, representantes del <a href=\"https:\/\/iaa.uvigo.gal\/es\/\">Instituto de Agroecolog\u00eda y Alimentaci\u00f3n (IAA)<\/a> participaron en el Foro La Regi\u00f3n, celebrado en el Campus de Ourense, para analizar el papel estrat\u00e9gico de <a href=\"https:\/\/campusauga.uvigo.es\/es\/\">Campus Auga<\/a> en el fomento del desarrollo econ\u00f3mico y social de la provincia.<\/p>\n<p>El evento puso de relieve el modelo de especializaci\u00f3n de Campus Auga, que sit\u00faa la innovaci\u00f3n, la transferencia de conocimiento y la sostenibilidad en el n\u00facleo de su estrategia. Estos pilares buscan reforzar la posici\u00f3n de Ourense como un centro de excelencia investigadora, al mismo tiempo que responden a los retos locales mediante soluciones basadas en la ciencia.<\/p>\n<p>El panel se centr\u00f3 en el agua como motor de desarrollo y en las oportunidades futuras. Reuni\u00f3 a destacados representantes del \u00e1mbito acad\u00e9mico e institucional. El IAA estuvo representado por su director, <a href=\"https:\/\/iaa.uvigo.gal\/es\/equipo\/persoal\/fernandez-calvino-david\/\">David Fern\u00e1ndez Calvi\u00f1o<\/a>; <a href=\"https:\/\/iaa.uvigo.gal\/es\/equipo\/persoal\/perez-gregorio-maria-rosa\/\">Mar\u00eda Rosa P\u00e9rez<\/a>, representante de la Universidad de Vigo en Clusaga; <a href=\"https:\/\/iaa.uvigo.gal\/es\/equipo\/persoal\/garrote-velasco-gil\/\">Gil Garrote<\/a>, coordinador del Doctorado en Ciencias Agroalimentarias; y <a href=\"https:\/\/iaa.uvigo.gal\/es\/equipo\/persoal\/araujo-nespereira-pedro-antonio\/\">Pedro Ara\u00fajo<\/a>, decano de la Facultad de Ciencias.<\/p>\n<p>Durante la discusi\u00f3n, destacaron el alto nivel de investigaci\u00f3n que se realiza en Campus Auga y la contribuci\u00f3n del IAA al desarrollo de soluciones sostenibles para el sector agroalimentario. Tambi\u00e9n subrayaron la importancia de fortalecer la colaboraci\u00f3n entre centros de investigaci\u00f3n, industria e instituciones p\u00fablicas para promover la innovaci\u00f3n y la competitividad regional.<\/p>\n<p>La participaci\u00f3n del IAA en el foro reafirma su compromiso con la misi\u00f3n de Campus Auga: generar conocimiento, transferir resultados de investigaci\u00f3n a la sociedad y apoyar una econom\u00eda local m\u00e1s innovadora, resiliente y respetuosa con el medio ambiente.<\/p>\n<p>El v\u00eddeo de la reuni\u00f3n puede verse en el siguiente <a href=\"https:\/\/www.youtube.com\/watch?v=ymNVPvUv3Z4&amp;t=2s\">enlace<\/a>.<\/p>\n","protected":false},"excerpt":{"rendered":"<p>El 31 de octubre, representantes del Instituto de Agroecolog\u00eda y Alimentaci\u00f3n (IAA) participaron en el Foro La Regi\u00f3n, celebrado en el Campus de Ourense, para &hellip; <a class=\"excerpt_more\" href=\"https:\/\/iaa.uvigo.gal\/es\/2025\/11\/campus-auga-e-iaa-impulsan-el-desarrollo-local\/\">Contin\u00faa<\/a><\/p>\n","protected":false},"author":14,"featured_media":249278,"comment_status":"closed","ping_status":"closed","sticky":false,"template":"","format":"standard","meta":{"_acf_changed":false,"footnotes":""},"categories":[94],"tags":[],"class_list":["post-249868","post","type-post","status-publish","format-standard","has-post-thumbnail","hentry","category-duvi-es"],"acf":[],"yoast_head":"<title>Campus Auga e IAA impulsan el desarrollo local | Instituto de Agroecolox\u00eda e Alimentaci\u00f3n | UVigo<\/title>\n<meta name=\"description\" content=\"Campus Auga e IAA impulsan innovaci\u00f3n, sostenibilidad y desarrollo local, generando conocimiento y soluciones para la provincia de Ourense.\" \/>\n<meta name=\"robots\" content=\"index, follow, max-snippet:-1, max-image-preview:large, max-video-preview:-1\" \/>\n<link rel=\"canonical\" href=\"https:\/\/iaa.uvigo.gal\/es\/2025\/11\/campus-auga-e-iaa-impulsan-el-desarrollo-local\/\" \/>\n<meta property=\"og:locale\" content=\"es_ES\" \/>\n<meta property=\"og:type\" content=\"article\" \/>\n<meta property=\"og:title\" content=\"Campus Auga e IAA impulsan el desarrollo local | Instituto de Agroecolox\u00eda e Alimentaci\u00f3n | UVigo\" \/>\n<meta property=\"og:description\" content=\"Campus Auga e IAA impulsan innovaci\u00f3n, sostenibilidad y desarrollo local, generando conocimiento y soluciones para la provincia de Ourense.\" \/>\n<meta property=\"og:url\" content=\"https:\/\/iaa.uvigo.gal\/es\/2025\/11\/campus-auga-e-iaa-impulsan-el-desarrollo-local\/\" \/>\n<meta property=\"og:site_name\" content=\"Instituto de Agroecolox\u00eda e Alimentaci\u00f3n | UVigo\" \/>\n<meta property=\"article:published_time\" content=\"2025-11-08T00:59:50+00:00\" \/>\n<meta property=\"article:modified_time\" content=\"2026-02-25T15:30:17+00:00\" \/>\n<meta property=\"og:image\" content=\"https:\/\/iaa.uvigo.gal\/wp-content\/uploads\/2025\/11\/foro-la-region.jpg\" \/>\n\t<meta property=\"og:image:width\" content=\"1216\" \/>\n\t<meta property=\"og:image:height\" content=\"689\" \/>\n\t<meta property=\"og:image:type\" content=\"image\/jpeg\" \/>\n<meta name=\"author\" content=\"Iv\u00e1n S\u00e1nchez Rodr\u00edguez\" \/>\n<meta name=\"twitter:card\" content=\"summary_large_image\" \/>\n<meta name=\"twitter:label1\" content=\"Escrito por\" \/>\n\t<meta name=\"twitter:data1\" content=\"Iv\u00e1n S\u00e1nchez Rodr\u00edguez\" \/>\n\t<meta name=\"twitter:label2\" content=\"Tiempo de lectura\" \/>\n\t<meta name=\"twitter:data2\" content=\"2 minutos\" \/>\n<script type=\"application\/ld+json\" class=\"yoast-schema-graph\">{\"@context\":\"https:\\\/\\\/schema.org\",\"@graph\":[{\"@type\":\"Article\",\"@id\":\"https:\\\/\\\/iaa.uvigo.gal\\\/es\\\/2025\\\/11\\\/campus-auga-e-iaa-impulsan-el-desarrollo-local\\\/#article\",\"isPartOf\":{\"@id\":\"https:\\\/\\\/iaa.uvigo.gal\\\/es\\\/2025\\\/11\\\/campus-auga-e-iaa-impulsan-el-desarrollo-local\\\/\"},\"author\":{\"name\":\"Iv\u00e1n S\u00e1nchez Rodr\u00edguez\",\"@id\":\"https:\\\/\\\/iaa.uvigo.gal\\\/es\\\/#\\\/schema\\\/person\\\/5bcdcd259b6df54e4713d114fcc831da\"},\"headline\":\"Campus Auga e IAA impulsan el desarrollo local\",\"datePublished\":\"2025-11-08T00:59:50+00:00\",\"dateModified\":\"2026-02-25T15:30:17+00:00\",\"mainEntityOfPage\":{\"@id\":\"https:\\\/\\\/iaa.uvigo.gal\\\/es\\\/2025\\\/11\\\/campus-auga-e-iaa-impulsan-el-desarrollo-local\\\/\"},\"wordCount\":305,\"publisher\":{\"@id\":\"https:\\\/\\\/iaa.uvigo.gal\\\/es\\\/#organization\"},\"image\":{\"@id\":\"https:\\\/\\\/iaa.uvigo.gal\\\/es\\\/2025\\\/11\\\/campus-auga-e-iaa-impulsan-el-desarrollo-local\\\/#primaryimage\"},\"thumbnailUrl\":\"https:\\\/\\\/iaa.uvigo.gal\\\/wp-content\\\/uploads\\\/2025\\\/11\\\/foro-la-region.jpg\",\"articleSection\":[\"DUVI\"],\"inLanguage\":\"es\"},{\"@type\":\"WebPage\",\"@id\":\"https:\\\/\\\/iaa.uvigo.gal\\\/es\\\/2025\\\/11\\\/campus-auga-e-iaa-impulsan-el-desarrollo-local\\\/\",\"url\":\"https:\\\/\\\/iaa.uvigo.gal\\\/es\\\/2025\\\/11\\\/campus-auga-e-iaa-impulsan-el-desarrollo-local\\\/\",\"name\":\"Campus Auga e IAA impulsan el desarrollo local | Instituto de Agroecolox\u00eda e Alimentaci\u00f3n | UVigo\",\"isPartOf\":{\"@id\":\"https:\\\/\\\/iaa.uvigo.gal\\\/es\\\/#website\"},\"primaryImageOfPage\":{\"@id\":\"https:\\\/\\\/iaa.uvigo.gal\\\/es\\\/2025\\\/11\\\/campus-auga-e-iaa-impulsan-el-desarrollo-local\\\/#primaryimage\"},\"image\":{\"@id\":\"https:\\\/\\\/iaa.uvigo.gal\\\/es\\\/2025\\\/11\\\/campus-auga-e-iaa-impulsan-el-desarrollo-local\\\/#primaryimage\"},\"thumbnailUrl\":\"https:\\\/\\\/iaa.uvigo.gal\\\/wp-content\\\/uploads\\\/2025\\\/11\\\/foro-la-region.jpg\",\"datePublished\":\"2025-11-08T00:59:50+00:00\",\"dateModified\":\"2026-02-25T15:30:17+00:00\",\"description\":\"Campus Auga e IAA impulsan innovaci\u00f3n, sostenibilidad y desarrollo local, generando conocimiento y soluciones para la provincia de Ourense.\",\"inLanguage\":\"es\",\"potentialAction\":[{\"@type\":\"ReadAction\",\"target\":[\"https:\\\/\\\/iaa.uvigo.gal\\\/es\\\/2025\\\/11\\\/campus-auga-e-iaa-impulsan-el-desarrollo-local\\\/\"]}]},{\"@type\":\"ImageObject\",\"inLanguage\":\"es\",\"@id\":\"https:\\\/\\\/iaa.uvigo.gal\\\/es\\\/2025\\\/11\\\/campus-auga-e-iaa-impulsan-el-desarrollo-local\\\/#primaryimage\",\"url\":\"https:\\\/\\\/iaa.uvigo.gal\\\/wp-content\\\/uploads\\\/2025\\\/11\\\/foro-la-region.jpg\",\"contentUrl\":\"https:\\\/\\\/iaa.uvigo.gal\\\/wp-content\\\/uploads\\\/2025\\\/11\\\/foro-la-region.jpg\",\"width\":1216,\"height\":689,\"caption\":\"Autor: Mari\u00f1o Pinal\"},{\"@type\":\"WebSite\",\"@id\":\"https:\\\/\\\/iaa.uvigo.gal\\\/es\\\/#website\",\"url\":\"https:\\\/\\\/iaa.uvigo.gal\\\/es\\\/\",\"name\":\"Instituto de Agroecolox\u00eda e Alimentaci\u00f3n | UVigo\",\"description\":\"\",\"publisher\":{\"@id\":\"https:\\\/\\\/iaa.uvigo.gal\\\/es\\\/#organization\"},\"potentialAction\":[{\"@type\":\"SearchAction\",\"target\":{\"@type\":\"EntryPoint\",\"urlTemplate\":\"https:\\\/\\\/iaa.uvigo.gal\\\/es\\\/?s={search_term_string}\"},\"query-input\":{\"@type\":\"PropertyValueSpecification\",\"valueRequired\":true,\"valueName\":\"search_term_string\"}}],\"inLanguage\":\"es\"},{\"@type\":\"Organization\",\"@id\":\"https:\\\/\\\/iaa.uvigo.gal\\\/es\\\/#organization\",\"name\":\"Instituto de Agroecolox\u00eda e Alimentaci\u00f3n - UVigo\",\"url\":\"https:\\\/\\\/iaa.uvigo.gal\\\/es\\\/\",\"logo\":{\"@type\":\"ImageObject\",\"inLanguage\":\"es\",\"@id\":\"https:\\\/\\\/iaa.uvigo.gal\\\/es\\\/#\\\/schema\\\/logo\\\/image\\\/\",\"url\":\"https:\\\/\\\/iaa.uvigo.gal\\\/wp-content\\\/uploads\\\/2024\\\/07\\\/logo-iaa.png\",\"contentUrl\":\"https:\\\/\\\/iaa.uvigo.gal\\\/wp-content\\\/uploads\\\/2024\\\/07\\\/logo-iaa.png\",\"width\":780,\"height\":330,\"caption\":\"Instituto de Agroecolox\u00eda e Alimentaci\u00f3n - UVigo\"},\"image\":{\"@id\":\"https:\\\/\\\/iaa.uvigo.gal\\\/es\\\/#\\\/schema\\\/logo\\\/image\\\/\"}},{\"@type\":\"Person\",\"@id\":\"https:\\\/\\\/iaa.uvigo.gal\\\/es\\\/#\\\/schema\\\/person\\\/5bcdcd259b6df54e4713d114fcc831da\",\"name\":\"Iv\u00e1n S\u00e1nchez Rodr\u00edguez\",\"image\":{\"@type\":\"ImageObject\",\"inLanguage\":\"es\",\"@id\":\"https:\\\/\\\/secure.gravatar.com\\\/avatar\\\/d2bf9693d400332faab6fa2eb24ee98394d6abe3be1e2550d939f6ca3971bf29?s=96&d=mm&r=g\",\"url\":\"https:\\\/\\\/secure.gravatar.com\\\/avatar\\\/d2bf9693d400332faab6fa2eb24ee98394d6abe3be1e2550d939f6ca3971bf29?s=96&d=mm&r=g\",\"contentUrl\":\"https:\\\/\\\/secure.gravatar.com\\\/avatar\\\/d2bf9693d400332faab6fa2eb24ee98394d6abe3be1e2550d939f6ca3971bf29?s=96&d=mm&r=g\",\"caption\":\"Iv\u00e1n S\u00e1nchez Rodr\u00edguez\"}}]}<\/script>","yoast_head_json":{"title":"Campus Auga e IAA impulsan el desarrollo local | Instituto de Agroecolox\u00eda e Alimentaci\u00f3n | UVigo","description":"Campus Auga e IAA impulsan innovaci\u00f3n, sostenibilidad y desarrollo local, generando conocimiento y soluciones para la provincia de Ourense.","robots":{"index":"index","follow":"follow","max-snippet":"max-snippet:-1","max-image-preview":"max-image-preview:large","max-video-preview":"max-video-preview:-1"},"canonical":"https:\/\/iaa.uvigo.gal\/es\/2025\/11\/campus-auga-e-iaa-impulsan-el-desarrollo-local\/","og_locale":"es_ES","og_type":"article","og_title":"Campus Auga e IAA impulsan el desarrollo local | Instituto de Agroecolox\u00eda e Alimentaci\u00f3n | UVigo","og_description":"Campus Auga e IAA impulsan innovaci\u00f3n, sostenibilidad y desarrollo local, generando conocimiento y soluciones para la provincia de Ourense.","og_url":"https:\/\/iaa.uvigo.gal\/es\/2025\/11\/campus-auga-e-iaa-impulsan-el-desarrollo-local\/","og_site_name":"Instituto de Agroecolox\u00eda e Alimentaci\u00f3n | UVigo","article_published_time":"2025-11-08T00:59:50+00:00","article_modified_time":"2026-02-25T15:30:17+00:00","og_image":[{"width":1216,"height":689,"url":"https:\/\/iaa.uvigo.gal\/wp-content\/uploads\/2025\/11\/foro-la-region.jpg","type":"image\/jpeg"}],"author":"Iv\u00e1n S\u00e1nchez Rodr\u00edguez","twitter_card":"summary_large_image","twitter_misc":{"Escrito por":"Iv\u00e1n S\u00e1nchez Rodr\u00edguez","Tiempo de lectura":"2 minutos"},"schema":{"@context":"https:\/\/schema.org","@graph":[{"@type":"Article","@id":"https:\/\/iaa.uvigo.gal\/es\/2025\/11\/campus-auga-e-iaa-impulsan-el-desarrollo-local\/#article","isPartOf":{"@id":"https:\/\/iaa.uvigo.gal\/es\/2025\/11\/campus-auga-e-iaa-impulsan-el-desarrollo-local\/"},"author":{"name":"Iv\u00e1n S\u00e1nchez Rodr\u00edguez","@id":"https:\/\/iaa.uvigo.gal\/es\/#\/schema\/person\/5bcdcd259b6df54e4713d114fcc831da"},"headline":"Campus Auga e IAA impulsan el desarrollo local","datePublished":"2025-11-08T00:59:50+00:00","dateModified":"2026-02-25T15:30:17+00:00","mainEntityOfPage":{"@id":"https:\/\/iaa.uvigo.gal\/es\/2025\/11\/campus-auga-e-iaa-impulsan-el-desarrollo-local\/"},"wordCount":305,"publisher":{"@id":"https:\/\/iaa.uvigo.gal\/es\/#organization"},"image":{"@id":"https:\/\/iaa.uvigo.gal\/es\/2025\/11\/campus-auga-e-iaa-impulsan-el-desarrollo-local\/#primaryimage"},"thumbnailUrl":"https:\/\/iaa.uvigo.gal\/wp-content\/uploads\/2025\/11\/foro-la-region.jpg","articleSection":["DUVI"],"inLanguage":"es"},{"@type":"WebPage","@id":"https:\/\/iaa.uvigo.gal\/es\/2025\/11\/campus-auga-e-iaa-impulsan-el-desarrollo-local\/","url":"https:\/\/iaa.uvigo.gal\/es\/2025\/11\/campus-auga-e-iaa-impulsan-el-desarrollo-local\/","name":"Campus Auga e IAA impulsan el desarrollo local | Instituto de Agroecolox\u00eda e Alimentaci\u00f3n | UVigo","isPartOf":{"@id":"https:\/\/iaa.uvigo.gal\/es\/#website"},"primaryImageOfPage":{"@id":"https:\/\/iaa.uvigo.gal\/es\/2025\/11\/campus-auga-e-iaa-impulsan-el-desarrollo-local\/#primaryimage"},"image":{"@id":"https:\/\/iaa.uvigo.gal\/es\/2025\/11\/campus-auga-e-iaa-impulsan-el-desarrollo-local\/#primaryimage"},"thumbnailUrl":"https:\/\/iaa.uvigo.gal\/wp-content\/uploads\/2025\/11\/foro-la-region.jpg","datePublished":"2025-11-08T00:59:50+00:00","dateModified":"2026-02-25T15:30:17+00:00","description":"Campus Auga e IAA impulsan innovaci\u00f3n, sostenibilidad y desarrollo local, generando conocimiento y soluciones para la provincia de Ourense.","inLanguage":"es","potentialAction":[{"@type":"ReadAction","target":["https:\/\/iaa.uvigo.gal\/es\/2025\/11\/campus-auga-e-iaa-impulsan-el-desarrollo-local\/"]}]},{"@type":"ImageObject","inLanguage":"es","@id":"https:\/\/iaa.uvigo.gal\/es\/2025\/11\/campus-auga-e-iaa-impulsan-el-desarrollo-local\/#primaryimage","url":"https:\/\/iaa.uvigo.gal\/wp-content\/uploads\/2025\/11\/foro-la-region.jpg","contentUrl":"https:\/\/iaa.uvigo.gal\/wp-content\/uploads\/2025\/11\/foro-la-region.jpg","width":1216,"height":689,"caption":"Autor: Mari\u00f1o Pinal"},{"@type":"WebSite","@id":"https:\/\/iaa.uvigo.gal\/es\/#website","url":"https:\/\/iaa.uvigo.gal\/es\/","name":"Instituto de Agroecolox\u00eda e Alimentaci\u00f3n | UVigo","description":"","publisher":{"@id":"https:\/\/iaa.uvigo.gal\/es\/#organization"},"potentialAction":[{"@type":"SearchAction","target":{"@type":"EntryPoint","urlTemplate":"https:\/\/iaa.uvigo.gal\/es\/?s={search_term_string}"},"query-input":{"@type":"PropertyValueSpecification","valueRequired":true,"valueName":"search_term_string"}}],"inLanguage":"es"},{"@type":"Organization","@id":"https:\/\/iaa.uvigo.gal\/es\/#organization","name":"Instituto de Agroecolox\u00eda e Alimentaci\u00f3n - UVigo","url":"https:\/\/iaa.uvigo.gal\/es\/","logo":{"@type":"ImageObject","inLanguage":"es","@id":"https:\/\/iaa.uvigo.gal\/es\/#\/schema\/logo\/image\/","url":"https:\/\/iaa.uvigo.gal\/wp-content\/uploads\/2024\/07\/logo-iaa.png","contentUrl":"https:\/\/iaa.uvigo.gal\/wp-content\/uploads\/2024\/07\/logo-iaa.png","width":780,"height":330,"caption":"Instituto de Agroecolox\u00eda e Alimentaci\u00f3n - UVigo"},"image":{"@id":"https:\/\/iaa.uvigo.gal\/es\/#\/schema\/logo\/image\/"}},{"@type":"Person","@id":"https:\/\/iaa.uvigo.gal\/es\/#\/schema\/person\/5bcdcd259b6df54e4713d114fcc831da","name":"Iv\u00e1n S\u00e1nchez Rodr\u00edguez","image":{"@type":"ImageObject","inLanguage":"es","@id":"https:\/\/secure.gravatar.com\/avatar\/d2bf9693d400332faab6fa2eb24ee98394d6abe3be1e2550d939f6ca3971bf29?s=96&d=mm&r=g","url":"https:\/\/secure.gravatar.com\/avatar\/d2bf9693d400332faab6fa2eb24ee98394d6abe3be1e2550d939f6ca3971bf29?s=96&d=mm&r=g","contentUrl":"https:\/\/secure.gravatar.com\/avatar\/d2bf9693d400332faab6fa2eb24ee98394d6abe3be1e2550d939f6ca3971bf29?s=96&d=mm&r=g","caption":"Iv\u00e1n S\u00e1nchez Rodr\u00edguez"}}]}},"_links":{"self":[{"href":"https:\/\/iaa.uvigo.gal\/es\/wp-json\/wp\/v2\/posts\/249868","targetHints":{"allow":["GET"]}}],"collection":[{"href":"https:\/\/iaa.uvigo.gal\/es\/wp-json\/wp\/v2\/posts"}],"about":[{"href":"https:\/\/iaa.uvigo.gal\/es\/wp-json\/wp\/v2\/types\/post"}],"author":[{"embeddable":true,"href":"https:\/\/iaa.uvigo.gal\/es\/wp-json\/wp\/v2\/users\/14"}],"replies":[{"embeddable":true,"href":"https:\/\/iaa.uvigo.gal\/es\/wp-json\/wp\/v2\/comments?post=249868"}],"version-history":[{"count":2,"href":"https:\/\/iaa.uvigo.gal\/es\/wp-json\/wp\/v2\/posts\/249868\/revisions"}],"predecessor-version":[{"id":249922,"href":"https:\/\/iaa.uvigo.gal\/es\/wp-json\/wp\/v2\/posts\/249868\/revisions\/249922"}],"wp:featuredmedia":[{"embeddable":true,"href":"https:\/\/iaa.uvigo.gal\/es\/wp-json\/wp\/v2\/media\/249278"}],"wp:attachment":[{"href":"https:\/\/iaa.uvigo.gal\/es\/wp-json\/wp\/v2\/media?parent=249868"}],"wp:term":[{"taxonomy":"category","embeddable":true,"href":"https:\/\/iaa.uvigo.gal\/es\/wp-json\/wp\/v2\/categories?post=249868"},{"taxonomy":"post_tag","embeddable":true,"href":"https:\/\/iaa.uvigo.gal\/es\/wp-json\/wp\/v2\/tags?post=249868"}],"curies":[{"name":"wp","href":"https:\/\/api.w.org\/{rel}","templated":true}]}}