{"id":250334,"date":"2026-04-10T09:54:23","date_gmt":"2026-04-10T07:54:23","guid":{"rendered":"https:\/\/iaa.uvigo.gal\/?p=250334"},"modified":"2026-04-26T09:58:01","modified_gmt":"2026-04-26T07:58:01","slug":"cervexa-dende-a-ciencia","status":"publish","type":"post","link":"https:\/\/iaa.uvigo.gal\/en\/2026\/04\/cervexa-dende-a-ciencia\/","title":{"rendered":"O grupo Cervexa dende a Ciencia inicia a s\u00faa actividade"},"content":{"rendered":"<p data-start=\"253\" data-end=\"623\">O pasado 9 de abril tivo lugar a primeira sesi\u00f3n do Grupo de Elaboraci\u00f3n de Cervexa dende a Ciencia, unha iniciativa que combina formaci\u00f3n pr\u00e1ctica e divulgaci\u00f3n cient\u00edfica no \u00e1mbito da tecnolox\u00eda dos alimentos. A actividade contou cunha gran acollida por parte do alumnado de titulaci\u00f3ns como Enxe\u00f1ar\u00eda Agraria, Ciencia e Tecnolox\u00eda dos Alimentos e Ciencias Ambientais.<\/p>\n<p data-start=\"625\" data-end=\"1072\">Durante esta primeira sesi\u00f3n elaborouse a base dunha cervexa tipo IPA con <em data-start=\"699\" data-end=\"712\">dry hopping<\/em>, no marco dunha aprendizaxe orientada \u00e1 experimentaci\u00f3n. O proceso completarase a comezos de maio coa fase de embotellado na Planta Piloto do <span class=\"hover:entity-accent entity-underline inline cursor-pointer align-baseline\"><span class=\"whitespace-normal\">Instituto de Agroecolox\u00eda e Alimentaci\u00f3n<\/span><\/span>, situada no campus de Ourense da <span class=\"hover:entity-accent entity-underline inline cursor-pointer align-baseline\"><span class=\"whitespace-normal\">Universidade de Vigo<\/span><\/span>, onde o alumnado pode traballar a pequena escala en condici\u00f3ns similares \u00e1s da produci\u00f3n industrial.<\/p>\n<p data-start=\"1074\" data-end=\"1235\">A iniciativa nace coa vocaci\u00f3n de continuidade, prevendo ata catro elaboraci\u00f3ns por curso, e co obxectivo de complementarse con actividades formativas asociadas.<\/p>\n<p data-start=\"1237\" data-end=\"1380\">A actividade conta co apoio do <span class=\"hover:entity-accent entity-underline inline cursor-pointer align-baseline\"><span class=\"whitespace-normal\">Instituto de Agroecolox\u00eda e Alimentaci\u00f3n<\/span><\/span>, da Facultade de Ciencias e dos grupos de investigaci\u00f3n Bio2Val e AA1.<\/p>\n<p data-start=\"1382\" data-end=\"1696\">O proxecto est\u00e1 impulsado e coordinado por persoal investigador da Facultade de Ciencias e da Escola Superior de Enxe\u00f1ar\u00eda Inform\u00e1tica (ESEI), entre eles Mar\u00eda Garc\u00eda Mart\u00ed (grupo AA1), Fer Rebelo, Bea Rodr\u00edguez Mart\u00ednez e Alexandre Rubira (grupo Bio2Val), as\u00ed como Rub\u00e9n Veloso (ESEI, Departamento de Autom\u00e1tica).<\/p>\n","protected":false},"excerpt":{"rendered":"<p>O pasado 9 de abril tivo lugar a primeira sesi\u00f3n do Grupo de Elaboraci\u00f3n de Cervexa dende a Ciencia, unha iniciativa que combina formaci\u00f3n pr\u00e1ctica &hellip; <a class=\"excerpt_more\" href=\"https:\/\/iaa.uvigo.gal\/en\/2026\/04\/cervexa-dende-a-ciencia\/\">Continued<\/a><\/p>\n","protected":false},"author":14,"featured_media":250331,"comment_status":"closed","ping_status":"closed","sticky":false,"template":"","format":"standard","meta":{"_acf_changed":false,"footnotes":""},"categories":[93],"tags":[],"class_list":["post-250334","post","type-post","status-publish","format-standard","has-post-thumbnail","hentry","category-duvi-en"],"acf":[],"yoast_head":"<title>O grupo Cervexa dende a Ciencia inicia a s\u00faa actividade | Instituto de Agroecolox\u00eda e Alimentaci\u00f3n | UVigo<\/title>\n<meta name=\"description\" content=\"Alumnado del campus de Ourense participa en la elaboraci\u00f3n de cerveza enun proyecto pr\u00e1ctico impulsado por personal investigador.\" \/>\n<meta name=\"robots\" content=\"index, follow, max-snippet:-1, max-image-preview:large, max-video-preview:-1\" \/>\n<link rel=\"canonical\" href=\"https:\/\/iaa.uvigo.gal\/en\/2026\/04\/cervexa-dende-a-ciencia\/\" \/>\n<meta property=\"og:locale\" content=\"en_US\" \/>\n<meta property=\"og:type\" content=\"article\" \/>\n<meta property=\"og:title\" content=\"O grupo Cervexa dende a Ciencia inicia a s\u00faa actividade | Instituto de Agroecolox\u00eda e Alimentaci\u00f3n | UVigo\" \/>\n<meta property=\"og:description\" content=\"Alumnado del campus de Ourense participa en la elaboraci\u00f3n de cerveza enun proyecto pr\u00e1ctico impulsado por personal investigador.\" \/>\n<meta property=\"og:url\" content=\"https:\/\/iaa.uvigo.gal\/en\/2026\/04\/cervexa-dende-a-ciencia\/\" \/>\n<meta property=\"og:site_name\" content=\"Instituto de Agroecolox\u00eda e Alimentaci\u00f3n | UVigo\" \/>\n<meta property=\"article:published_time\" content=\"2026-04-10T07:54:23+00:00\" \/>\n<meta property=\"article:modified_time\" content=\"2026-04-26T07:58:01+00:00\" \/>\n<meta property=\"og:image\" content=\"https:\/\/iaa.uvigo.gal\/wp-content\/uploads\/2026\/04\/1776683930940.jpg\" \/>\n\t<meta property=\"og:image:width\" content=\"1280\" \/>\n\t<meta property=\"og:image:height\" content=\"720\" \/>\n\t<meta property=\"og:image:type\" content=\"image\/jpeg\" \/>\n<meta name=\"author\" content=\"Iv\u00e1n S\u00e1nchez Rodr\u00edguez\" \/>\n<meta name=\"twitter:card\" content=\"summary_large_image\" \/>\n<meta name=\"twitter:label1\" content=\"Written by\" \/>\n\t<meta name=\"twitter:data1\" content=\"Iv\u00e1n S\u00e1nchez Rodr\u00edguez\" \/>\n\t<meta name=\"twitter:label2\" content=\"Est. reading time\" \/>\n\t<meta name=\"twitter:data2\" content=\"2 minutes\" \/>\n<script type=\"application\/ld+json\" class=\"yoast-schema-graph\">{\"@context\":\"https:\\\/\\\/schema.org\",\"@graph\":[{\"@type\":\"Article\",\"@id\":\"https:\\\/\\\/iaa.uvigo.gal\\\/en\\\/2026\\\/04\\\/cervexa-dende-a-ciencia\\\/#article\",\"isPartOf\":{\"@id\":\"https:\\\/\\\/iaa.uvigo.gal\\\/en\\\/2026\\\/04\\\/cervexa-dende-a-ciencia\\\/\"},\"author\":{\"name\":\"Iv\u00e1n S\u00e1nchez Rodr\u00edguez\",\"@id\":\"https:\\\/\\\/iaa.uvigo.gal\\\/en\\\/#\\\/schema\\\/person\\\/5bcdcd259b6df54e4713d114fcc831da\"},\"headline\":\"O grupo Cervexa dende a Ciencia inicia a s\u00faa actividade\",\"datePublished\":\"2026-04-10T07:54:23+00:00\",\"dateModified\":\"2026-04-26T07:58:01+00:00\",\"mainEntityOfPage\":{\"@id\":\"https:\\\/\\\/iaa.uvigo.gal\\\/en\\\/2026\\\/04\\\/cervexa-dende-a-ciencia\\\/\"},\"wordCount\":255,\"publisher\":{\"@id\":\"https:\\\/\\\/iaa.uvigo.gal\\\/en\\\/#organization\"},\"image\":{\"@id\":\"https:\\\/\\\/iaa.uvigo.gal\\\/en\\\/2026\\\/04\\\/cervexa-dende-a-ciencia\\\/#primaryimage\"},\"thumbnailUrl\":\"https:\\\/\\\/iaa.uvigo.gal\\\/wp-content\\\/uploads\\\/2026\\\/04\\\/1776683930940.jpg\",\"articleSection\":[\"DUVI\"],\"inLanguage\":\"en-US\"},{\"@type\":\"WebPage\",\"@id\":\"https:\\\/\\\/iaa.uvigo.gal\\\/en\\\/2026\\\/04\\\/cervexa-dende-a-ciencia\\\/\",\"url\":\"https:\\\/\\\/iaa.uvigo.gal\\\/en\\\/2026\\\/04\\\/cervexa-dende-a-ciencia\\\/\",\"name\":\"O grupo Cervexa dende a Ciencia inicia a s\u00faa actividade | Instituto de Agroecolox\u00eda e Alimentaci\u00f3n | UVigo\",\"isPartOf\":{\"@id\":\"https:\\\/\\\/iaa.uvigo.gal\\\/en\\\/#website\"},\"primaryImageOfPage\":{\"@id\":\"https:\\\/\\\/iaa.uvigo.gal\\\/en\\\/2026\\\/04\\\/cervexa-dende-a-ciencia\\\/#primaryimage\"},\"image\":{\"@id\":\"https:\\\/\\\/iaa.uvigo.gal\\\/en\\\/2026\\\/04\\\/cervexa-dende-a-ciencia\\\/#primaryimage\"},\"thumbnailUrl\":\"https:\\\/\\\/iaa.uvigo.gal\\\/wp-content\\\/uploads\\\/2026\\\/04\\\/1776683930940.jpg\",\"datePublished\":\"2026-04-10T07:54:23+00:00\",\"dateModified\":\"2026-04-26T07:58:01+00:00\",\"description\":\"Alumnado del campus de Ourense participa en la elaboraci\u00f3n de cerveza enun proyecto pr\u00e1ctico impulsado por personal investigador.\",\"inLanguage\":\"en-US\",\"potentialAction\":[{\"@type\":\"ReadAction\",\"target\":[\"https:\\\/\\\/iaa.uvigo.gal\\\/en\\\/2026\\\/04\\\/cervexa-dende-a-ciencia\\\/\"]}]},{\"@type\":\"ImageObject\",\"inLanguage\":\"en-US\",\"@id\":\"https:\\\/\\\/iaa.uvigo.gal\\\/en\\\/2026\\\/04\\\/cervexa-dende-a-ciencia\\\/#primaryimage\",\"url\":\"https:\\\/\\\/iaa.uvigo.gal\\\/wp-content\\\/uploads\\\/2026\\\/04\\\/1776683930940.jpg\",\"contentUrl\":\"https:\\\/\\\/iaa.uvigo.gal\\\/wp-content\\\/uploads\\\/2026\\\/04\\\/1776683930940.jpg\",\"width\":1280,\"height\":720,\"caption\":\"Grupo\"},{\"@type\":\"WebSite\",\"@id\":\"https:\\\/\\\/iaa.uvigo.gal\\\/en\\\/#website\",\"url\":\"https:\\\/\\\/iaa.uvigo.gal\\\/en\\\/\",\"name\":\"Instituto de Agroecolox\u00eda e Alimentaci\u00f3n | UVigo\",\"description\":\"\",\"publisher\":{\"@id\":\"https:\\\/\\\/iaa.uvigo.gal\\\/en\\\/#organization\"},\"potentialAction\":[{\"@type\":\"SearchAction\",\"target\":{\"@type\":\"EntryPoint\",\"urlTemplate\":\"https:\\\/\\\/iaa.uvigo.gal\\\/en\\\/?s={search_term_string}\"},\"query-input\":{\"@type\":\"PropertyValueSpecification\",\"valueRequired\":true,\"valueName\":\"search_term_string\"}}],\"inLanguage\":\"en-US\"},{\"@type\":\"Organization\",\"@id\":\"https:\\\/\\\/iaa.uvigo.gal\\\/en\\\/#organization\",\"name\":\"Instituto de Agroecolox\u00eda e Alimentaci\u00f3n - UVigo\",\"url\":\"https:\\\/\\\/iaa.uvigo.gal\\\/en\\\/\",\"logo\":{\"@type\":\"ImageObject\",\"inLanguage\":\"en-US\",\"@id\":\"https:\\\/\\\/iaa.uvigo.gal\\\/en\\\/#\\\/schema\\\/logo\\\/image\\\/\",\"url\":\"https:\\\/\\\/iaa.uvigo.gal\\\/wp-content\\\/uploads\\\/2024\\\/07\\\/logo-iaa.png\",\"contentUrl\":\"https:\\\/\\\/iaa.uvigo.gal\\\/wp-content\\\/uploads\\\/2024\\\/07\\\/logo-iaa.png\",\"width\":780,\"height\":330,\"caption\":\"Instituto de Agroecolox\u00eda e Alimentaci\u00f3n - UVigo\"},\"image\":{\"@id\":\"https:\\\/\\\/iaa.uvigo.gal\\\/en\\\/#\\\/schema\\\/logo\\\/image\\\/\"}},{\"@type\":\"Person\",\"@id\":\"https:\\\/\\\/iaa.uvigo.gal\\\/en\\\/#\\\/schema\\\/person\\\/5bcdcd259b6df54e4713d114fcc831da\",\"name\":\"Iv\u00e1n S\u00e1nchez Rodr\u00edguez\",\"image\":{\"@type\":\"ImageObject\",\"inLanguage\":\"en-US\",\"@id\":\"https:\\\/\\\/secure.gravatar.com\\\/avatar\\\/d2bf9693d400332faab6fa2eb24ee98394d6abe3be1e2550d939f6ca3971bf29?s=96&d=mm&r=g\",\"url\":\"https:\\\/\\\/secure.gravatar.com\\\/avatar\\\/d2bf9693d400332faab6fa2eb24ee98394d6abe3be1e2550d939f6ca3971bf29?s=96&d=mm&r=g\",\"contentUrl\":\"https:\\\/\\\/secure.gravatar.com\\\/avatar\\\/d2bf9693d400332faab6fa2eb24ee98394d6abe3be1e2550d939f6ca3971bf29?s=96&d=mm&r=g\",\"caption\":\"Iv\u00e1n S\u00e1nchez Rodr\u00edguez\"}}]}<\/script>","yoast_head_json":{"title":"O grupo Cervexa dende a Ciencia inicia a s\u00faa actividade | Instituto de Agroecolox\u00eda e Alimentaci\u00f3n | UVigo","description":"Alumnado del campus de Ourense participa en la elaboraci\u00f3n de cerveza enun proyecto pr\u00e1ctico impulsado por personal investigador.","robots":{"index":"index","follow":"follow","max-snippet":"max-snippet:-1","max-image-preview":"max-image-preview:large","max-video-preview":"max-video-preview:-1"},"canonical":"https:\/\/iaa.uvigo.gal\/en\/2026\/04\/cervexa-dende-a-ciencia\/","og_locale":"en_US","og_type":"article","og_title":"O grupo Cervexa dende a Ciencia inicia a s\u00faa actividade | Instituto de Agroecolox\u00eda e Alimentaci\u00f3n | UVigo","og_description":"Alumnado del campus de Ourense participa en la elaboraci\u00f3n de cerveza enun proyecto pr\u00e1ctico impulsado por personal investigador.","og_url":"https:\/\/iaa.uvigo.gal\/en\/2026\/04\/cervexa-dende-a-ciencia\/","og_site_name":"Instituto de Agroecolox\u00eda e Alimentaci\u00f3n | UVigo","article_published_time":"2026-04-10T07:54:23+00:00","article_modified_time":"2026-04-26T07:58:01+00:00","og_image":[{"width":1280,"height":720,"url":"https:\/\/iaa.uvigo.gal\/wp-content\/uploads\/2026\/04\/1776683930940.jpg","type":"image\/jpeg"}],"author":"Iv\u00e1n S\u00e1nchez Rodr\u00edguez","twitter_card":"summary_large_image","twitter_misc":{"Written by":"Iv\u00e1n S\u00e1nchez Rodr\u00edguez","Est. reading time":"2 minutes"},"schema":{"@context":"https:\/\/schema.org","@graph":[{"@type":"Article","@id":"https:\/\/iaa.uvigo.gal\/en\/2026\/04\/cervexa-dende-a-ciencia\/#article","isPartOf":{"@id":"https:\/\/iaa.uvigo.gal\/en\/2026\/04\/cervexa-dende-a-ciencia\/"},"author":{"name":"Iv\u00e1n S\u00e1nchez Rodr\u00edguez","@id":"https:\/\/iaa.uvigo.gal\/en\/#\/schema\/person\/5bcdcd259b6df54e4713d114fcc831da"},"headline":"O grupo Cervexa dende a Ciencia inicia a s\u00faa actividade","datePublished":"2026-04-10T07:54:23+00:00","dateModified":"2026-04-26T07:58:01+00:00","mainEntityOfPage":{"@id":"https:\/\/iaa.uvigo.gal\/en\/2026\/04\/cervexa-dende-a-ciencia\/"},"wordCount":255,"publisher":{"@id":"https:\/\/iaa.uvigo.gal\/en\/#organization"},"image":{"@id":"https:\/\/iaa.uvigo.gal\/en\/2026\/04\/cervexa-dende-a-ciencia\/#primaryimage"},"thumbnailUrl":"https:\/\/iaa.uvigo.gal\/wp-content\/uploads\/2026\/04\/1776683930940.jpg","articleSection":["DUVI"],"inLanguage":"en-US"},{"@type":"WebPage","@id":"https:\/\/iaa.uvigo.gal\/en\/2026\/04\/cervexa-dende-a-ciencia\/","url":"https:\/\/iaa.uvigo.gal\/en\/2026\/04\/cervexa-dende-a-ciencia\/","name":"O grupo Cervexa dende a Ciencia inicia a s\u00faa actividade | Instituto de Agroecolox\u00eda e Alimentaci\u00f3n | UVigo","isPartOf":{"@id":"https:\/\/iaa.uvigo.gal\/en\/#website"},"primaryImageOfPage":{"@id":"https:\/\/iaa.uvigo.gal\/en\/2026\/04\/cervexa-dende-a-ciencia\/#primaryimage"},"image":{"@id":"https:\/\/iaa.uvigo.gal\/en\/2026\/04\/cervexa-dende-a-ciencia\/#primaryimage"},"thumbnailUrl":"https:\/\/iaa.uvigo.gal\/wp-content\/uploads\/2026\/04\/1776683930940.jpg","datePublished":"2026-04-10T07:54:23+00:00","dateModified":"2026-04-26T07:58:01+00:00","description":"Alumnado del campus de Ourense participa en la elaboraci\u00f3n de cerveza enun proyecto pr\u00e1ctico impulsado por personal investigador.","inLanguage":"en-US","potentialAction":[{"@type":"ReadAction","target":["https:\/\/iaa.uvigo.gal\/en\/2026\/04\/cervexa-dende-a-ciencia\/"]}]},{"@type":"ImageObject","inLanguage":"en-US","@id":"https:\/\/iaa.uvigo.gal\/en\/2026\/04\/cervexa-dende-a-ciencia\/#primaryimage","url":"https:\/\/iaa.uvigo.gal\/wp-content\/uploads\/2026\/04\/1776683930940.jpg","contentUrl":"https:\/\/iaa.uvigo.gal\/wp-content\/uploads\/2026\/04\/1776683930940.jpg","width":1280,"height":720,"caption":"Grupo"},{"@type":"WebSite","@id":"https:\/\/iaa.uvigo.gal\/en\/#website","url":"https:\/\/iaa.uvigo.gal\/en\/","name":"Instituto de Agroecolox\u00eda e Alimentaci\u00f3n | UVigo","description":"","publisher":{"@id":"https:\/\/iaa.uvigo.gal\/en\/#organization"},"potentialAction":[{"@type":"SearchAction","target":{"@type":"EntryPoint","urlTemplate":"https:\/\/iaa.uvigo.gal\/en\/?s={search_term_string}"},"query-input":{"@type":"PropertyValueSpecification","valueRequired":true,"valueName":"search_term_string"}}],"inLanguage":"en-US"},{"@type":"Organization","@id":"https:\/\/iaa.uvigo.gal\/en\/#organization","name":"Instituto de Agroecolox\u00eda e Alimentaci\u00f3n - UVigo","url":"https:\/\/iaa.uvigo.gal\/en\/","logo":{"@type":"ImageObject","inLanguage":"en-US","@id":"https:\/\/iaa.uvigo.gal\/en\/#\/schema\/logo\/image\/","url":"https:\/\/iaa.uvigo.gal\/wp-content\/uploads\/2024\/07\/logo-iaa.png","contentUrl":"https:\/\/iaa.uvigo.gal\/wp-content\/uploads\/2024\/07\/logo-iaa.png","width":780,"height":330,"caption":"Instituto de Agroecolox\u00eda e Alimentaci\u00f3n - UVigo"},"image":{"@id":"https:\/\/iaa.uvigo.gal\/en\/#\/schema\/logo\/image\/"}},{"@type":"Person","@id":"https:\/\/iaa.uvigo.gal\/en\/#\/schema\/person\/5bcdcd259b6df54e4713d114fcc831da","name":"Iv\u00e1n S\u00e1nchez Rodr\u00edguez","image":{"@type":"ImageObject","inLanguage":"en-US","@id":"https:\/\/secure.gravatar.com\/avatar\/d2bf9693d400332faab6fa2eb24ee98394d6abe3be1e2550d939f6ca3971bf29?s=96&d=mm&r=g","url":"https:\/\/secure.gravatar.com\/avatar\/d2bf9693d400332faab6fa2eb24ee98394d6abe3be1e2550d939f6ca3971bf29?s=96&d=mm&r=g","contentUrl":"https:\/\/secure.gravatar.com\/avatar\/d2bf9693d400332faab6fa2eb24ee98394d6abe3be1e2550d939f6ca3971bf29?s=96&d=mm&r=g","caption":"Iv\u00e1n S\u00e1nchez Rodr\u00edguez"}}]}},"_links":{"self":[{"href":"https:\/\/iaa.uvigo.gal\/en\/wp-json\/wp\/v2\/posts\/250334","targetHints":{"allow":["GET"]}}],"collection":[{"href":"https:\/\/iaa.uvigo.gal\/en\/wp-json\/wp\/v2\/posts"}],"about":[{"href":"https:\/\/iaa.uvigo.gal\/en\/wp-json\/wp\/v2\/types\/post"}],"author":[{"embeddable":true,"href":"https:\/\/iaa.uvigo.gal\/en\/wp-json\/wp\/v2\/users\/14"}],"replies":[{"embeddable":true,"href":"https:\/\/iaa.uvigo.gal\/en\/wp-json\/wp\/v2\/comments?post=250334"}],"version-history":[{"count":1,"href":"https:\/\/iaa.uvigo.gal\/en\/wp-json\/wp\/v2\/posts\/250334\/revisions"}],"predecessor-version":[{"id":250335,"href":"https:\/\/iaa.uvigo.gal\/en\/wp-json\/wp\/v2\/posts\/250334\/revisions\/250335"}],"wp:featuredmedia":[{"embeddable":true,"href":"https:\/\/iaa.uvigo.gal\/en\/wp-json\/wp\/v2\/media\/250331"}],"wp:attachment":[{"href":"https:\/\/iaa.uvigo.gal\/en\/wp-json\/wp\/v2\/media?parent=250334"}],"wp:term":[{"taxonomy":"category","embeddable":true,"href":"https:\/\/iaa.uvigo.gal\/en\/wp-json\/wp\/v2\/categories?post=250334"},{"taxonomy":"post_tag","embeddable":true,"href":"https:\/\/iaa.uvigo.gal\/en\/wp-json\/wp\/v2\/tags?post=250334"}],"curies":[{"name":"wp","href":"https:\/\/api.w.org\/{rel}","templated":true}]}}