{"id":249885,"date":"2024-11-18T09:38:36","date_gmt":"2024-11-18T08:38:36","guid":{"rendered":"https:\/\/iaa.uvigo.gal\/2024\/11\/o-proxecto-greensoilvin-entra-na-sua-recta-final\/"},"modified":"2024-11-18T09:38:36","modified_gmt":"2024-11-18T08:38:36","slug":"o-proxecto-greensoilvin-entra-na-sua-recta-final","status":"publish","type":"post","link":"https:\/\/iaa.uvigo.gal\/en\/2024\/11\/o-proxecto-greensoilvin-entra-na-sua-recta-final\/","title":{"rendered":"O proxecto GreenSoilVin entra na s\u00faa recta final"},"content":{"rendered":"<p>Paula P\u00e9rez Rodr\u00edguez e Daniel Arenas Lago, (IP do proxecto na UVigo), asistiron a unha reuni\u00f3n do proxecto GreenSoilvin a semana pasada nas instalaci\u00f3ns da Adega Mart\u00edn C\u00f3dax. GreenSoilVin &#8220;Obtenci\u00f3n de vi\u00f1os sostibles e de calidade mediante estratexias alternativas na xesti\u00f3n da fertilidade&#8221; \u00e9 un proxecto de Grupos Operativos financiado pola Xunta de Galicia con fondos FEADER 2022\/023B en colaboraci\u00f3n coas adegas Mart\u00edn C\u00f3dax, Altos de Torona e Paco&amp;Lola (coordinadores do proxecto).<\/p>\n<p>O obxectivo deste proxecto consiste en instaurar cubertas vexetais nas calles dos vi\u00f1edos co fin primeiro de reducir a aplicaci\u00f3n de fertilizantes qu\u00edmicos e tam\u00e9n de mellorar a calidade do solo, \u00e9 dicir, reducir a erosi\u00f3n, aumentar a auga do solo e aumentar o secuestro de carbono no mesmo, mellorar a abundancia e diversidade microbiana e, polo tanto, aumentar a fertilidade natural dos solos e mellorar a s\u00faa sa\u00fade.<\/p>\n<p>Na reuni\u00f3n t\u00e9cnica (puntos do d\u00eda nunha das fotos) present\u00e1ronse datos das \u00faltimas d\u00faas campa\u00f1as en relaci\u00f3n \u00e1 calidade da uva e a par\u00e1metros edafol\u00f3xicos (estado do solo) e tam\u00e9n se levou a cabo unha cata de vi\u00f1os elaborados a partir de microvinificaci\u00f3ns obtidas dos distintos tratamentos testados no proxecto:<\/p>\n<p>1) uso de fertilizante qu\u00edmico<\/p>\n<p>2) a metade de fertilizante qu\u00edmico combinado con cubertas vexetais e<\/p>\n<p>3) s\u00f3 cubertas vexetais. Cat\u00e1ronse un total de 15 vi\u00f1os procedentes dos 3 tratamentos aplicados en: un vi\u00f1edo de Altos de Torona con dous manexos das cubertas distintos (enterr\u00e1ndoas e deix\u00e1ndoas en superficie); un vi\u00f1edo de Paco &amp; Lola e dous vi\u00f1edos de Mart\u00edn C\u00f3dax en d\u00faas Denominaci\u00f3ns de Orixe (R\u00edas Baixas e Monterrei) onde as cubertas se enterraron. Os resultados sensoriais dos vi\u00f1os obtidos resultaron significativamente diferentes.<\/p>\n<p>En xeral, os vi\u00f1os procedentes do solo s\u00f3 con cubertas vexetais ti\u00f1an m\u00e1is complexidade e notas m\u00e1is vexetais resultando mellores en nariz, mentres que os vi\u00f1os procedentes de solos con fertilizantes qu\u00edmicos eran m\u00e1is frescos e con mellores resultados en boca, segundo os expertos. Con todo, os gustos foron moi diferentes entre os asistentes.<\/p>\n","protected":false},"excerpt":{"rendered":"<p>Paula P\u00e9rez Rodr\u00edguez e Daniel Arenas Lago, (IP do proxecto na UVigo), asistiron a unha reuni\u00f3n do proxecto GreenSoilvin a semana pasada nas instalaci\u00f3ns da &hellip; <a class=\"excerpt_more\" href=\"https:\/\/iaa.uvigo.gal\/en\/2024\/11\/o-proxecto-greensoilvin-entra-na-sua-recta-final\/\">Continued<\/a><\/p>\n","protected":false},"author":11,"featured_media":248156,"comment_status":"closed","ping_status":"closed","sticky":false,"template":"","format":"standard","meta":{"_acf_changed":false,"footnotes":""},"categories":[93],"tags":[],"class_list":["post-249885","post","type-post","status-publish","format-standard","has-post-thumbnail","hentry","category-duvi-en"],"acf":[],"yoast_head":"<title>O proxecto GreenSoilVin entra na s\u00faa recta final | Instituto de Agroecolox\u00eda e Alimentaci\u00f3n | UVigo<\/title>\n<meta name=\"robots\" content=\"index, follow, max-snippet:-1, max-image-preview:large, max-video-preview:-1\" \/>\n<link rel=\"canonical\" href=\"https:\/\/iaa.uvigo.gal\/en\/2024\/11\/o-proxecto-greensoilvin-entra-na-sua-recta-final\/\" \/>\n<meta property=\"og:locale\" content=\"en_US\" \/>\n<meta property=\"og:type\" content=\"article\" \/>\n<meta property=\"og:title\" content=\"O proxecto GreenSoilVin entra na s\u00faa recta final | Instituto de Agroecolox\u00eda e Alimentaci\u00f3n | UVigo\" \/>\n<meta property=\"og:description\" content=\"Paula P\u00e9rez Rodr\u00edguez e Daniel Arenas Lago, (IP do proxecto na UVigo), asistiron a unha reuni\u00f3n do proxecto GreenSoilvin a semana pasada nas instalaci\u00f3ns da &hellip; Continued\" \/>\n<meta property=\"og:url\" content=\"https:\/\/iaa.uvigo.gal\/en\/2024\/11\/o-proxecto-greensoilvin-entra-na-sua-recta-final\/\" \/>\n<meta property=\"og:site_name\" content=\"Instituto de Agroecolox\u00eda e Alimentaci\u00f3n | UVigo\" \/>\n<meta property=\"article:published_time\" content=\"2024-11-18T08:38:36+00:00\" \/>\n<meta name=\"author\" content=\"Iago Blanco Losada\" \/>\n<meta name=\"twitter:card\" content=\"summary_large_image\" \/>\n<meta name=\"twitter:label1\" content=\"Written by\" \/>\n\t<meta name=\"twitter:data1\" content=\"Iago Blanco Losada\" \/>\n\t<meta name=\"twitter:label2\" content=\"Est. reading time\" \/>\n\t<meta name=\"twitter:data2\" content=\"2 minutes\" \/>\n<script type=\"application\/ld+json\" class=\"yoast-schema-graph\">{\"@context\":\"https:\\\/\\\/schema.org\",\"@graph\":[{\"@type\":\"Article\",\"@id\":\"https:\\\/\\\/iaa.uvigo.gal\\\/en\\\/2024\\\/11\\\/o-proxecto-greensoilvin-entra-na-sua-recta-final\\\/#article\",\"isPartOf\":{\"@id\":\"https:\\\/\\\/iaa.uvigo.gal\\\/en\\\/2024\\\/11\\\/o-proxecto-greensoilvin-entra-na-sua-recta-final\\\/\"},\"author\":{\"name\":\"Iago Blanco Losada\",\"@id\":\"https:\\\/\\\/iaa.uvigo.gal\\\/en\\\/#\\\/schema\\\/person\\\/55061b77dd612487c44e3c64780fe786\"},\"headline\":\"O proxecto GreenSoilVin entra na s\u00faa recta final\",\"datePublished\":\"2024-11-18T08:38:36+00:00\",\"mainEntityOfPage\":{\"@id\":\"https:\\\/\\\/iaa.uvigo.gal\\\/en\\\/2024\\\/11\\\/o-proxecto-greensoilvin-entra-na-sua-recta-final\\\/\"},\"wordCount\":385,\"publisher\":{\"@id\":\"https:\\\/\\\/iaa.uvigo.gal\\\/en\\\/#organization\"},\"image\":{\"@id\":\"https:\\\/\\\/iaa.uvigo.gal\\\/en\\\/2024\\\/11\\\/o-proxecto-greensoilvin-entra-na-sua-recta-final\\\/#primaryimage\"},\"thumbnailUrl\":\"https:\\\/\\\/iaa.uvigo.gal\\\/wp-content\\\/uploads\\\/2024\\\/11\\\/1000055746.jpg\",\"articleSection\":[\"DUVI\"],\"inLanguage\":\"en-US\"},{\"@type\":\"WebPage\",\"@id\":\"https:\\\/\\\/iaa.uvigo.gal\\\/en\\\/2024\\\/11\\\/o-proxecto-greensoilvin-entra-na-sua-recta-final\\\/\",\"url\":\"https:\\\/\\\/iaa.uvigo.gal\\\/en\\\/2024\\\/11\\\/o-proxecto-greensoilvin-entra-na-sua-recta-final\\\/\",\"name\":\"O proxecto GreenSoilVin entra na s\u00faa recta final | Instituto de Agroecolox\u00eda e Alimentaci\u00f3n | UVigo\",\"isPartOf\":{\"@id\":\"https:\\\/\\\/iaa.uvigo.gal\\\/en\\\/#website\"},\"primaryImageOfPage\":{\"@id\":\"https:\\\/\\\/iaa.uvigo.gal\\\/en\\\/2024\\\/11\\\/o-proxecto-greensoilvin-entra-na-sua-recta-final\\\/#primaryimage\"},\"image\":{\"@id\":\"https:\\\/\\\/iaa.uvigo.gal\\\/en\\\/2024\\\/11\\\/o-proxecto-greensoilvin-entra-na-sua-recta-final\\\/#primaryimage\"},\"thumbnailUrl\":\"https:\\\/\\\/iaa.uvigo.gal\\\/wp-content\\\/uploads\\\/2024\\\/11\\\/1000055746.jpg\",\"datePublished\":\"2024-11-18T08:38:36+00:00\",\"inLanguage\":\"en-US\",\"potentialAction\":[{\"@type\":\"ReadAction\",\"target\":[\"https:\\\/\\\/iaa.uvigo.gal\\\/en\\\/2024\\\/11\\\/o-proxecto-greensoilvin-entra-na-sua-recta-final\\\/\"]}]},{\"@type\":\"ImageObject\",\"inLanguage\":\"en-US\",\"@id\":\"https:\\\/\\\/iaa.uvigo.gal\\\/en\\\/2024\\\/11\\\/o-proxecto-greensoilvin-entra-na-sua-recta-final\\\/#primaryimage\",\"url\":\"https:\\\/\\\/iaa.uvigo.gal\\\/wp-content\\\/uploads\\\/2024\\\/11\\\/1000055746.jpg\",\"contentUrl\":\"https:\\\/\\\/iaa.uvigo.gal\\\/wp-content\\\/uploads\\\/2024\\\/11\\\/1000055746.jpg\",\"width\":2040,\"height\":1530},{\"@type\":\"WebSite\",\"@id\":\"https:\\\/\\\/iaa.uvigo.gal\\\/en\\\/#website\",\"url\":\"https:\\\/\\\/iaa.uvigo.gal\\\/en\\\/\",\"name\":\"Instituto de Agroecolox\u00eda e Alimentaci\u00f3n | UVigo\",\"description\":\"\",\"publisher\":{\"@id\":\"https:\\\/\\\/iaa.uvigo.gal\\\/en\\\/#organization\"},\"potentialAction\":[{\"@type\":\"SearchAction\",\"target\":{\"@type\":\"EntryPoint\",\"urlTemplate\":\"https:\\\/\\\/iaa.uvigo.gal\\\/en\\\/?s={search_term_string}\"},\"query-input\":{\"@type\":\"PropertyValueSpecification\",\"valueRequired\":true,\"valueName\":\"search_term_string\"}}],\"inLanguage\":\"en-US\"},{\"@type\":\"Organization\",\"@id\":\"https:\\\/\\\/iaa.uvigo.gal\\\/en\\\/#organization\",\"name\":\"Instituto de Agroecolox\u00eda e Alimentaci\u00f3n - UVigo\",\"url\":\"https:\\\/\\\/iaa.uvigo.gal\\\/en\\\/\",\"logo\":{\"@type\":\"ImageObject\",\"inLanguage\":\"en-US\",\"@id\":\"https:\\\/\\\/iaa.uvigo.gal\\\/en\\\/#\\\/schema\\\/logo\\\/image\\\/\",\"url\":\"https:\\\/\\\/iaa.uvigo.gal\\\/wp-content\\\/uploads\\\/2024\\\/07\\\/logo-iaa.png\",\"contentUrl\":\"https:\\\/\\\/iaa.uvigo.gal\\\/wp-content\\\/uploads\\\/2024\\\/07\\\/logo-iaa.png\",\"width\":780,\"height\":330,\"caption\":\"Instituto de Agroecolox\u00eda e Alimentaci\u00f3n - UVigo\"},\"image\":{\"@id\":\"https:\\\/\\\/iaa.uvigo.gal\\\/en\\\/#\\\/schema\\\/logo\\\/image\\\/\"}},{\"@type\":\"Person\",\"@id\":\"https:\\\/\\\/iaa.uvigo.gal\\\/en\\\/#\\\/schema\\\/person\\\/55061b77dd612487c44e3c64780fe786\",\"name\":\"Iago Blanco Losada\",\"image\":{\"@type\":\"ImageObject\",\"inLanguage\":\"en-US\",\"@id\":\"https:\\\/\\\/secure.gravatar.com\\\/avatar\\\/eba7299a8a46b7e3d5463cef7ffdd000b088f76497136ae96368695fddef5df0?s=96&d=mm&r=g\",\"url\":\"https:\\\/\\\/secure.gravatar.com\\\/avatar\\\/eba7299a8a46b7e3d5463cef7ffdd000b088f76497136ae96368695fddef5df0?s=96&d=mm&r=g\",\"contentUrl\":\"https:\\\/\\\/secure.gravatar.com\\\/avatar\\\/eba7299a8a46b7e3d5463cef7ffdd000b088f76497136ae96368695fddef5df0?s=96&d=mm&r=g\",\"caption\":\"Iago Blanco Losada\"}}]}<\/script>","yoast_head_json":{"title":"O proxecto GreenSoilVin entra na s\u00faa recta final | Instituto de Agroecolox\u00eda e Alimentaci\u00f3n | UVigo","robots":{"index":"index","follow":"follow","max-snippet":"max-snippet:-1","max-image-preview":"max-image-preview:large","max-video-preview":"max-video-preview:-1"},"canonical":"https:\/\/iaa.uvigo.gal\/en\/2024\/11\/o-proxecto-greensoilvin-entra-na-sua-recta-final\/","og_locale":"en_US","og_type":"article","og_title":"O proxecto GreenSoilVin entra na s\u00faa recta final | Instituto de Agroecolox\u00eda e Alimentaci\u00f3n | UVigo","og_description":"Paula P\u00e9rez Rodr\u00edguez e Daniel Arenas Lago, (IP do proxecto na UVigo), asistiron a unha reuni\u00f3n do proxecto GreenSoilvin a semana pasada nas instalaci\u00f3ns da &hellip; Continued","og_url":"https:\/\/iaa.uvigo.gal\/en\/2024\/11\/o-proxecto-greensoilvin-entra-na-sua-recta-final\/","og_site_name":"Instituto de Agroecolox\u00eda e Alimentaci\u00f3n | UVigo","article_published_time":"2024-11-18T08:38:36+00:00","author":"Iago Blanco Losada","twitter_card":"summary_large_image","twitter_misc":{"Written by":"Iago Blanco Losada","Est. reading time":"2 minutes"},"schema":{"@context":"https:\/\/schema.org","@graph":[{"@type":"Article","@id":"https:\/\/iaa.uvigo.gal\/en\/2024\/11\/o-proxecto-greensoilvin-entra-na-sua-recta-final\/#article","isPartOf":{"@id":"https:\/\/iaa.uvigo.gal\/en\/2024\/11\/o-proxecto-greensoilvin-entra-na-sua-recta-final\/"},"author":{"name":"Iago Blanco Losada","@id":"https:\/\/iaa.uvigo.gal\/en\/#\/schema\/person\/55061b77dd612487c44e3c64780fe786"},"headline":"O proxecto GreenSoilVin entra na s\u00faa recta final","datePublished":"2024-11-18T08:38:36+00:00","mainEntityOfPage":{"@id":"https:\/\/iaa.uvigo.gal\/en\/2024\/11\/o-proxecto-greensoilvin-entra-na-sua-recta-final\/"},"wordCount":385,"publisher":{"@id":"https:\/\/iaa.uvigo.gal\/en\/#organization"},"image":{"@id":"https:\/\/iaa.uvigo.gal\/en\/2024\/11\/o-proxecto-greensoilvin-entra-na-sua-recta-final\/#primaryimage"},"thumbnailUrl":"https:\/\/iaa.uvigo.gal\/wp-content\/uploads\/2024\/11\/1000055746.jpg","articleSection":["DUVI"],"inLanguage":"en-US"},{"@type":"WebPage","@id":"https:\/\/iaa.uvigo.gal\/en\/2024\/11\/o-proxecto-greensoilvin-entra-na-sua-recta-final\/","url":"https:\/\/iaa.uvigo.gal\/en\/2024\/11\/o-proxecto-greensoilvin-entra-na-sua-recta-final\/","name":"O proxecto GreenSoilVin entra na s\u00faa recta final | Instituto de Agroecolox\u00eda e Alimentaci\u00f3n | UVigo","isPartOf":{"@id":"https:\/\/iaa.uvigo.gal\/en\/#website"},"primaryImageOfPage":{"@id":"https:\/\/iaa.uvigo.gal\/en\/2024\/11\/o-proxecto-greensoilvin-entra-na-sua-recta-final\/#primaryimage"},"image":{"@id":"https:\/\/iaa.uvigo.gal\/en\/2024\/11\/o-proxecto-greensoilvin-entra-na-sua-recta-final\/#primaryimage"},"thumbnailUrl":"https:\/\/iaa.uvigo.gal\/wp-content\/uploads\/2024\/11\/1000055746.jpg","datePublished":"2024-11-18T08:38:36+00:00","inLanguage":"en-US","potentialAction":[{"@type":"ReadAction","target":["https:\/\/iaa.uvigo.gal\/en\/2024\/11\/o-proxecto-greensoilvin-entra-na-sua-recta-final\/"]}]},{"@type":"ImageObject","inLanguage":"en-US","@id":"https:\/\/iaa.uvigo.gal\/en\/2024\/11\/o-proxecto-greensoilvin-entra-na-sua-recta-final\/#primaryimage","url":"https:\/\/iaa.uvigo.gal\/wp-content\/uploads\/2024\/11\/1000055746.jpg","contentUrl":"https:\/\/iaa.uvigo.gal\/wp-content\/uploads\/2024\/11\/1000055746.jpg","width":2040,"height":1530},{"@type":"WebSite","@id":"https:\/\/iaa.uvigo.gal\/en\/#website","url":"https:\/\/iaa.uvigo.gal\/en\/","name":"Instituto de Agroecolox\u00eda e Alimentaci\u00f3n | UVigo","description":"","publisher":{"@id":"https:\/\/iaa.uvigo.gal\/en\/#organization"},"potentialAction":[{"@type":"SearchAction","target":{"@type":"EntryPoint","urlTemplate":"https:\/\/iaa.uvigo.gal\/en\/?s={search_term_string}"},"query-input":{"@type":"PropertyValueSpecification","valueRequired":true,"valueName":"search_term_string"}}],"inLanguage":"en-US"},{"@type":"Organization","@id":"https:\/\/iaa.uvigo.gal\/en\/#organization","name":"Instituto de Agroecolox\u00eda e Alimentaci\u00f3n - UVigo","url":"https:\/\/iaa.uvigo.gal\/en\/","logo":{"@type":"ImageObject","inLanguage":"en-US","@id":"https:\/\/iaa.uvigo.gal\/en\/#\/schema\/logo\/image\/","url":"https:\/\/iaa.uvigo.gal\/wp-content\/uploads\/2024\/07\/logo-iaa.png","contentUrl":"https:\/\/iaa.uvigo.gal\/wp-content\/uploads\/2024\/07\/logo-iaa.png","width":780,"height":330,"caption":"Instituto de Agroecolox\u00eda e Alimentaci\u00f3n - UVigo"},"image":{"@id":"https:\/\/iaa.uvigo.gal\/en\/#\/schema\/logo\/image\/"}},{"@type":"Person","@id":"https:\/\/iaa.uvigo.gal\/en\/#\/schema\/person\/55061b77dd612487c44e3c64780fe786","name":"Iago Blanco Losada","image":{"@type":"ImageObject","inLanguage":"en-US","@id":"https:\/\/secure.gravatar.com\/avatar\/eba7299a8a46b7e3d5463cef7ffdd000b088f76497136ae96368695fddef5df0?s=96&d=mm&r=g","url":"https:\/\/secure.gravatar.com\/avatar\/eba7299a8a46b7e3d5463cef7ffdd000b088f76497136ae96368695fddef5df0?s=96&d=mm&r=g","contentUrl":"https:\/\/secure.gravatar.com\/avatar\/eba7299a8a46b7e3d5463cef7ffdd000b088f76497136ae96368695fddef5df0?s=96&d=mm&r=g","caption":"Iago Blanco Losada"}}]}},"_links":{"self":[{"href":"https:\/\/iaa.uvigo.gal\/en\/wp-json\/wp\/v2\/posts\/249885","targetHints":{"allow":["GET"]}}],"collection":[{"href":"https:\/\/iaa.uvigo.gal\/en\/wp-json\/wp\/v2\/posts"}],"about":[{"href":"https:\/\/iaa.uvigo.gal\/en\/wp-json\/wp\/v2\/types\/post"}],"author":[{"embeddable":true,"href":"https:\/\/iaa.uvigo.gal\/en\/wp-json\/wp\/v2\/users\/11"}],"replies":[{"embeddable":true,"href":"https:\/\/iaa.uvigo.gal\/en\/wp-json\/wp\/v2\/comments?post=249885"}],"version-history":[{"count":0,"href":"https:\/\/iaa.uvigo.gal\/en\/wp-json\/wp\/v2\/posts\/249885\/revisions"}],"wp:featuredmedia":[{"embeddable":true,"href":"https:\/\/iaa.uvigo.gal\/en\/wp-json\/wp\/v2\/media\/248156"}],"wp:attachment":[{"href":"https:\/\/iaa.uvigo.gal\/en\/wp-json\/wp\/v2\/media?parent=249885"}],"wp:term":[{"taxonomy":"category","embeddable":true,"href":"https:\/\/iaa.uvigo.gal\/en\/wp-json\/wp\/v2\/categories?post=249885"},{"taxonomy":"post_tag","embeddable":true,"href":"https:\/\/iaa.uvigo.gal\/en\/wp-json\/wp\/v2\/tags?post=249885"}],"curies":[{"name":"wp","href":"https:\/\/api.w.org\/{rel}","templated":true}]}}