{"id":249871,"date":"2025-11-03T12:35:27","date_gmt":"2025-11-03T11:35:27","guid":{"rendered":"https:\/\/iaa.uvigo.gal\/2025\/11\/fomentando-a-biodiversidade\/"},"modified":"2026-02-28T00:26:27","modified_gmt":"2026-02-27T23:26:27","slug":"promoting-biodiversity","status":"publish","type":"post","link":"https:\/\/iaa.uvigo.gal\/en\/2025\/11\/promoting-biodiversity\/","title":{"rendered":"Promoting biodiversity and apicultural resources"},"content":{"rendered":"<p>The Research Group GISA is promoting the project<a href=\"https:\/\/www.uvigo.gal\/universidade\/comunicacion\/duvi\/proxecto-xornadas-fomentar-os-recursos-apicolas-contornas-forestais\"><em> Promoting Biodiversity: More Apicultural Resources in Forest Environments<\/em><\/a>, funded by the 5th Ence Pontevedra Social Plan. The initiative aims to improve the availability of high-quality pollen and increase biodiversity in forest areas, particularly in eucalyptus plantations in the R\u00edas Baixas, thereby contributing to the conservation of bees and other pollinators.<\/p>\n<p>As part of the project, an open event will take place on Friday, November 14, at the <a href=\"https:\/\/fcou.uvigo.es\/\">Faculty of Science on the Ourense campus<\/a>. The program will include lectures and workshops on sustainable beekeeping, biodiversity, and the nutritional value of pollen.<\/p>\n","protected":false},"excerpt":{"rendered":"<p>The Research Group GISA is promoting the project Promoting Biodiversity: More Apicultural Resources in Forest Environments, funded by the 5th Ence Pontevedra Social Plan. The &hellip; <a class=\"excerpt_more\" href=\"https:\/\/iaa.uvigo.gal\/en\/2025\/11\/promoting-biodiversity\/\">Continued<\/a><\/p>\n","protected":false},"author":14,"featured_media":249603,"comment_status":"closed","ping_status":"closed","sticky":false,"template":"","format":"standard","meta":{"_acf_changed":false,"footnotes":""},"categories":[93],"tags":[],"class_list":["post-249871","post","type-post","status-publish","format-standard","has-post-thumbnail","hentry","category-duvi-en"],"acf":[],"yoast_head":"<title>Promoting biodiversity and apicultural resources | Instituto de Agroecolox\u00eda e Alimentaci\u00f3n | UVigo<\/title>\n<meta name=\"description\" content=\"The Research Group GISA is promoting the project Promoting Biodiversity: More Apicultural Resources in Forest Environments.\" \/>\n<meta name=\"robots\" content=\"index, follow, max-snippet:-1, max-image-preview:large, max-video-preview:-1\" \/>\n<link rel=\"canonical\" href=\"https:\/\/iaa.uvigo.gal\/en\/2025\/11\/promoting-biodiversity\/\" \/>\n<meta property=\"og:locale\" content=\"en_US\" \/>\n<meta property=\"og:type\" content=\"article\" \/>\n<meta property=\"og:title\" content=\"Promoting biodiversity and apicultural resources | Instituto de Agroecolox\u00eda e Alimentaci\u00f3n | UVigo\" \/>\n<meta property=\"og:description\" content=\"The Research Group GISA is promoting the project Promoting Biodiversity: More Apicultural Resources in Forest Environments.\" \/>\n<meta property=\"og:url\" content=\"https:\/\/iaa.uvigo.gal\/en\/2025\/11\/promoting-biodiversity\/\" \/>\n<meta property=\"og:site_name\" content=\"Instituto de Agroecolox\u00eda e Alimentaci\u00f3n | UVigo\" \/>\n<meta property=\"article:published_time\" content=\"2025-11-03T11:35:27+00:00\" \/>\n<meta property=\"article:modified_time\" content=\"2026-02-27T23:26:27+00:00\" \/>\n<meta property=\"og:image\" content=\"https:\/\/iaa.uvigo.gal\/wp-content\/uploads\/2026\/01\/apicultura2.jpg\" \/>\n\t<meta property=\"og:image:width\" content=\"2000\" \/>\n\t<meta property=\"og:image:height\" content=\"1284\" \/>\n\t<meta property=\"og:image:type\" content=\"image\/jpeg\" \/>\n<meta name=\"author\" content=\"Iv\u00e1n S\u00e1nchez Rodr\u00edguez\" \/>\n<meta name=\"twitter:card\" content=\"summary_large_image\" \/>\n<meta name=\"twitter:label1\" content=\"Written by\" \/>\n\t<meta name=\"twitter:data1\" content=\"Iv\u00e1n S\u00e1nchez Rodr\u00edguez\" \/>\n\t<meta name=\"twitter:label2\" content=\"Est. reading time\" \/>\n\t<meta name=\"twitter:data2\" content=\"1 minute\" \/>\n<script type=\"application\/ld+json\" class=\"yoast-schema-graph\">{\"@context\":\"https:\\\/\\\/schema.org\",\"@graph\":[{\"@type\":\"Article\",\"@id\":\"https:\\\/\\\/iaa.uvigo.gal\\\/en\\\/2025\\\/11\\\/promoting-biodiversity\\\/#article\",\"isPartOf\":{\"@id\":\"https:\\\/\\\/iaa.uvigo.gal\\\/en\\\/2025\\\/11\\\/promoting-biodiversity\\\/\"},\"author\":{\"name\":\"Iv\u00e1n S\u00e1nchez Rodr\u00edguez\",\"@id\":\"https:\\\/\\\/iaa.uvigo.gal\\\/en\\\/#\\\/schema\\\/person\\\/5bcdcd259b6df54e4713d114fcc831da\"},\"headline\":\"Promoting biodiversity and apicultural resources\",\"datePublished\":\"2025-11-03T11:35:27+00:00\",\"dateModified\":\"2026-02-27T23:26:27+00:00\",\"mainEntityOfPage\":{\"@id\":\"https:\\\/\\\/iaa.uvigo.gal\\\/en\\\/2025\\\/11\\\/promoting-biodiversity\\\/\"},\"wordCount\":104,\"publisher\":{\"@id\":\"https:\\\/\\\/iaa.uvigo.gal\\\/en\\\/#organization\"},\"image\":{\"@id\":\"https:\\\/\\\/iaa.uvigo.gal\\\/en\\\/2025\\\/11\\\/promoting-biodiversity\\\/#primaryimage\"},\"thumbnailUrl\":\"https:\\\/\\\/iaa.uvigo.gal\\\/wp-content\\\/uploads\\\/2026\\\/01\\\/apicultura2.jpg\",\"articleSection\":[\"DUVI\"],\"inLanguage\":\"en-US\"},{\"@type\":\"WebPage\",\"@id\":\"https:\\\/\\\/iaa.uvigo.gal\\\/en\\\/2025\\\/11\\\/promoting-biodiversity\\\/\",\"url\":\"https:\\\/\\\/iaa.uvigo.gal\\\/en\\\/2025\\\/11\\\/promoting-biodiversity\\\/\",\"name\":\"Promoting biodiversity and apicultural resources | Instituto de Agroecolox\u00eda e Alimentaci\u00f3n | UVigo\",\"isPartOf\":{\"@id\":\"https:\\\/\\\/iaa.uvigo.gal\\\/en\\\/#website\"},\"primaryImageOfPage\":{\"@id\":\"https:\\\/\\\/iaa.uvigo.gal\\\/en\\\/2025\\\/11\\\/promoting-biodiversity\\\/#primaryimage\"},\"image\":{\"@id\":\"https:\\\/\\\/iaa.uvigo.gal\\\/en\\\/2025\\\/11\\\/promoting-biodiversity\\\/#primaryimage\"},\"thumbnailUrl\":\"https:\\\/\\\/iaa.uvigo.gal\\\/wp-content\\\/uploads\\\/2026\\\/01\\\/apicultura2.jpg\",\"datePublished\":\"2025-11-03T11:35:27+00:00\",\"dateModified\":\"2026-02-27T23:26:27+00:00\",\"description\":\"The Research Group GISA is promoting the project Promoting Biodiversity: More Apicultural Resources in Forest Environments.\",\"inLanguage\":\"en-US\",\"potentialAction\":[{\"@type\":\"ReadAction\",\"target\":[\"https:\\\/\\\/iaa.uvigo.gal\\\/en\\\/2025\\\/11\\\/promoting-biodiversity\\\/\"]}]},{\"@type\":\"ImageObject\",\"inLanguage\":\"en-US\",\"@id\":\"https:\\\/\\\/iaa.uvigo.gal\\\/en\\\/2025\\\/11\\\/promoting-biodiversity\\\/#primaryimage\",\"url\":\"https:\\\/\\\/iaa.uvigo.gal\\\/wp-content\\\/uploads\\\/2026\\\/01\\\/apicultura2.jpg\",\"contentUrl\":\"https:\\\/\\\/iaa.uvigo.gal\\\/wp-content\\\/uploads\\\/2026\\\/01\\\/apicultura2.jpg\",\"width\":2000,\"height\":1284,\"caption\":\"Promoting biodiversity\"},{\"@type\":\"WebSite\",\"@id\":\"https:\\\/\\\/iaa.uvigo.gal\\\/en\\\/#website\",\"url\":\"https:\\\/\\\/iaa.uvigo.gal\\\/en\\\/\",\"name\":\"Instituto de Agroecolox\u00eda e Alimentaci\u00f3n | UVigo\",\"description\":\"\",\"publisher\":{\"@id\":\"https:\\\/\\\/iaa.uvigo.gal\\\/en\\\/#organization\"},\"potentialAction\":[{\"@type\":\"SearchAction\",\"target\":{\"@type\":\"EntryPoint\",\"urlTemplate\":\"https:\\\/\\\/iaa.uvigo.gal\\\/en\\\/?s={search_term_string}\"},\"query-input\":{\"@type\":\"PropertyValueSpecification\",\"valueRequired\":true,\"valueName\":\"search_term_string\"}}],\"inLanguage\":\"en-US\"},{\"@type\":\"Organization\",\"@id\":\"https:\\\/\\\/iaa.uvigo.gal\\\/en\\\/#organization\",\"name\":\"Instituto de Agroecolox\u00eda e Alimentaci\u00f3n - UVigo\",\"url\":\"https:\\\/\\\/iaa.uvigo.gal\\\/en\\\/\",\"logo\":{\"@type\":\"ImageObject\",\"inLanguage\":\"en-US\",\"@id\":\"https:\\\/\\\/iaa.uvigo.gal\\\/en\\\/#\\\/schema\\\/logo\\\/image\\\/\",\"url\":\"https:\\\/\\\/iaa.uvigo.gal\\\/wp-content\\\/uploads\\\/2024\\\/07\\\/logo-iaa.png\",\"contentUrl\":\"https:\\\/\\\/iaa.uvigo.gal\\\/wp-content\\\/uploads\\\/2024\\\/07\\\/logo-iaa.png\",\"width\":780,\"height\":330,\"caption\":\"Instituto de Agroecolox\u00eda e Alimentaci\u00f3n - UVigo\"},\"image\":{\"@id\":\"https:\\\/\\\/iaa.uvigo.gal\\\/en\\\/#\\\/schema\\\/logo\\\/image\\\/\"}},{\"@type\":\"Person\",\"@id\":\"https:\\\/\\\/iaa.uvigo.gal\\\/en\\\/#\\\/schema\\\/person\\\/5bcdcd259b6df54e4713d114fcc831da\",\"name\":\"Iv\u00e1n S\u00e1nchez Rodr\u00edguez\",\"image\":{\"@type\":\"ImageObject\",\"inLanguage\":\"en-US\",\"@id\":\"https:\\\/\\\/secure.gravatar.com\\\/avatar\\\/d2bf9693d400332faab6fa2eb24ee98394d6abe3be1e2550d939f6ca3971bf29?s=96&d=mm&r=g\",\"url\":\"https:\\\/\\\/secure.gravatar.com\\\/avatar\\\/d2bf9693d400332faab6fa2eb24ee98394d6abe3be1e2550d939f6ca3971bf29?s=96&d=mm&r=g\",\"contentUrl\":\"https:\\\/\\\/secure.gravatar.com\\\/avatar\\\/d2bf9693d400332faab6fa2eb24ee98394d6abe3be1e2550d939f6ca3971bf29?s=96&d=mm&r=g\",\"caption\":\"Iv\u00e1n S\u00e1nchez Rodr\u00edguez\"}}]}<\/script>","yoast_head_json":{"title":"Promoting biodiversity and apicultural resources | Instituto de Agroecolox\u00eda e Alimentaci\u00f3n | UVigo","description":"The Research Group GISA is promoting the project Promoting Biodiversity: More Apicultural Resources in Forest Environments.","robots":{"index":"index","follow":"follow","max-snippet":"max-snippet:-1","max-image-preview":"max-image-preview:large","max-video-preview":"max-video-preview:-1"},"canonical":"https:\/\/iaa.uvigo.gal\/en\/2025\/11\/promoting-biodiversity\/","og_locale":"en_US","og_type":"article","og_title":"Promoting biodiversity and apicultural resources | Instituto de Agroecolox\u00eda e Alimentaci\u00f3n | UVigo","og_description":"The Research Group GISA is promoting the project Promoting Biodiversity: More Apicultural Resources in Forest Environments.","og_url":"https:\/\/iaa.uvigo.gal\/en\/2025\/11\/promoting-biodiversity\/","og_site_name":"Instituto de Agroecolox\u00eda e Alimentaci\u00f3n | UVigo","article_published_time":"2025-11-03T11:35:27+00:00","article_modified_time":"2026-02-27T23:26:27+00:00","og_image":[{"width":2000,"height":1284,"url":"https:\/\/iaa.uvigo.gal\/wp-content\/uploads\/2026\/01\/apicultura2.jpg","type":"image\/jpeg"}],"author":"Iv\u00e1n S\u00e1nchez Rodr\u00edguez","twitter_card":"summary_large_image","twitter_misc":{"Written by":"Iv\u00e1n S\u00e1nchez Rodr\u00edguez","Est. reading time":"1 minute"},"schema":{"@context":"https:\/\/schema.org","@graph":[{"@type":"Article","@id":"https:\/\/iaa.uvigo.gal\/en\/2025\/11\/promoting-biodiversity\/#article","isPartOf":{"@id":"https:\/\/iaa.uvigo.gal\/en\/2025\/11\/promoting-biodiversity\/"},"author":{"name":"Iv\u00e1n S\u00e1nchez Rodr\u00edguez","@id":"https:\/\/iaa.uvigo.gal\/en\/#\/schema\/person\/5bcdcd259b6df54e4713d114fcc831da"},"headline":"Promoting biodiversity and apicultural resources","datePublished":"2025-11-03T11:35:27+00:00","dateModified":"2026-02-27T23:26:27+00:00","mainEntityOfPage":{"@id":"https:\/\/iaa.uvigo.gal\/en\/2025\/11\/promoting-biodiversity\/"},"wordCount":104,"publisher":{"@id":"https:\/\/iaa.uvigo.gal\/en\/#organization"},"image":{"@id":"https:\/\/iaa.uvigo.gal\/en\/2025\/11\/promoting-biodiversity\/#primaryimage"},"thumbnailUrl":"https:\/\/iaa.uvigo.gal\/wp-content\/uploads\/2026\/01\/apicultura2.jpg","articleSection":["DUVI"],"inLanguage":"en-US"},{"@type":"WebPage","@id":"https:\/\/iaa.uvigo.gal\/en\/2025\/11\/promoting-biodiversity\/","url":"https:\/\/iaa.uvigo.gal\/en\/2025\/11\/promoting-biodiversity\/","name":"Promoting biodiversity and apicultural resources | Instituto de Agroecolox\u00eda e Alimentaci\u00f3n | UVigo","isPartOf":{"@id":"https:\/\/iaa.uvigo.gal\/en\/#website"},"primaryImageOfPage":{"@id":"https:\/\/iaa.uvigo.gal\/en\/2025\/11\/promoting-biodiversity\/#primaryimage"},"image":{"@id":"https:\/\/iaa.uvigo.gal\/en\/2025\/11\/promoting-biodiversity\/#primaryimage"},"thumbnailUrl":"https:\/\/iaa.uvigo.gal\/wp-content\/uploads\/2026\/01\/apicultura2.jpg","datePublished":"2025-11-03T11:35:27+00:00","dateModified":"2026-02-27T23:26:27+00:00","description":"The Research Group GISA is promoting the project Promoting Biodiversity: More Apicultural Resources in Forest Environments.","inLanguage":"en-US","potentialAction":[{"@type":"ReadAction","target":["https:\/\/iaa.uvigo.gal\/en\/2025\/11\/promoting-biodiversity\/"]}]},{"@type":"ImageObject","inLanguage":"en-US","@id":"https:\/\/iaa.uvigo.gal\/en\/2025\/11\/promoting-biodiversity\/#primaryimage","url":"https:\/\/iaa.uvigo.gal\/wp-content\/uploads\/2026\/01\/apicultura2.jpg","contentUrl":"https:\/\/iaa.uvigo.gal\/wp-content\/uploads\/2026\/01\/apicultura2.jpg","width":2000,"height":1284,"caption":"Promoting biodiversity"},{"@type":"WebSite","@id":"https:\/\/iaa.uvigo.gal\/en\/#website","url":"https:\/\/iaa.uvigo.gal\/en\/","name":"Instituto de Agroecolox\u00eda e Alimentaci\u00f3n | UVigo","description":"","publisher":{"@id":"https:\/\/iaa.uvigo.gal\/en\/#organization"},"potentialAction":[{"@type":"SearchAction","target":{"@type":"EntryPoint","urlTemplate":"https:\/\/iaa.uvigo.gal\/en\/?s={search_term_string}"},"query-input":{"@type":"PropertyValueSpecification","valueRequired":true,"valueName":"search_term_string"}}],"inLanguage":"en-US"},{"@type":"Organization","@id":"https:\/\/iaa.uvigo.gal\/en\/#organization","name":"Instituto de Agroecolox\u00eda e Alimentaci\u00f3n - UVigo","url":"https:\/\/iaa.uvigo.gal\/en\/","logo":{"@type":"ImageObject","inLanguage":"en-US","@id":"https:\/\/iaa.uvigo.gal\/en\/#\/schema\/logo\/image\/","url":"https:\/\/iaa.uvigo.gal\/wp-content\/uploads\/2024\/07\/logo-iaa.png","contentUrl":"https:\/\/iaa.uvigo.gal\/wp-content\/uploads\/2024\/07\/logo-iaa.png","width":780,"height":330,"caption":"Instituto de Agroecolox\u00eda e Alimentaci\u00f3n - UVigo"},"image":{"@id":"https:\/\/iaa.uvigo.gal\/en\/#\/schema\/logo\/image\/"}},{"@type":"Person","@id":"https:\/\/iaa.uvigo.gal\/en\/#\/schema\/person\/5bcdcd259b6df54e4713d114fcc831da","name":"Iv\u00e1n S\u00e1nchez Rodr\u00edguez","image":{"@type":"ImageObject","inLanguage":"en-US","@id":"https:\/\/secure.gravatar.com\/avatar\/d2bf9693d400332faab6fa2eb24ee98394d6abe3be1e2550d939f6ca3971bf29?s=96&d=mm&r=g","url":"https:\/\/secure.gravatar.com\/avatar\/d2bf9693d400332faab6fa2eb24ee98394d6abe3be1e2550d939f6ca3971bf29?s=96&d=mm&r=g","contentUrl":"https:\/\/secure.gravatar.com\/avatar\/d2bf9693d400332faab6fa2eb24ee98394d6abe3be1e2550d939f6ca3971bf29?s=96&d=mm&r=g","caption":"Iv\u00e1n S\u00e1nchez Rodr\u00edguez"}}]}},"_links":{"self":[{"href":"https:\/\/iaa.uvigo.gal\/en\/wp-json\/wp\/v2\/posts\/249871","targetHints":{"allow":["GET"]}}],"collection":[{"href":"https:\/\/iaa.uvigo.gal\/en\/wp-json\/wp\/v2\/posts"}],"about":[{"href":"https:\/\/iaa.uvigo.gal\/en\/wp-json\/wp\/v2\/types\/post"}],"author":[{"embeddable":true,"href":"https:\/\/iaa.uvigo.gal\/en\/wp-json\/wp\/v2\/users\/14"}],"replies":[{"embeddable":true,"href":"https:\/\/iaa.uvigo.gal\/en\/wp-json\/wp\/v2\/comments?post=249871"}],"version-history":[{"count":2,"href":"https:\/\/iaa.uvigo.gal\/en\/wp-json\/wp\/v2\/posts\/249871\/revisions"}],"predecessor-version":[{"id":249965,"href":"https:\/\/iaa.uvigo.gal\/en\/wp-json\/wp\/v2\/posts\/249871\/revisions\/249965"}],"wp:featuredmedia":[{"embeddable":true,"href":"https:\/\/iaa.uvigo.gal\/en\/wp-json\/wp\/v2\/media\/249603"}],"wp:attachment":[{"href":"https:\/\/iaa.uvigo.gal\/en\/wp-json\/wp\/v2\/media?parent=249871"}],"wp:term":[{"taxonomy":"category","embeddable":true,"href":"https:\/\/iaa.uvigo.gal\/en\/wp-json\/wp\/v2\/categories?post=249871"},{"taxonomy":"post_tag","embeddable":true,"href":"https:\/\/iaa.uvigo.gal\/en\/wp-json\/wp\/v2\/tags?post=249871"}],"curies":[{"name":"wp","href":"https:\/\/api.w.org\/{rel}","templated":true}]}}