{"id":249867,"date":"2025-11-08T01:59:50","date_gmt":"2025-11-08T00:59:50","guid":{"rendered":"https:\/\/iaa.uvigo.gal\/2025\/11\/campus-auga-innovacion-sustentabilidade-e-conecemento-ao-servizo-do-territorio\/"},"modified":"2026-02-25T16:09:16","modified_gmt":"2026-02-25T15:09:16","slug":"campus-auga-and-iaa-for-local-development","status":"publish","type":"post","link":"https:\/\/iaa.uvigo.gal\/en\/2025\/11\/campus-auga-and-iaa-for-local-development\/","title":{"rendered":"Campus Auga and IAA for local development"},"content":{"rendered":"<p data-start=\"93\" data-end=\"343\">On 31 October, representatives of the <a href=\"https:\/\/iaa.uvigo.gal\/en\/\">Institute of Agroecology and Food (IAA)<\/a> took part in the La Regi\u00f3n Forum, held at the Ourense Campus, to discuss the strategic role of <a href=\"https:\/\/campusauga.uvigo.es\/en\/\">Campus Auga<\/a> in fostering economic and social development across the province.<\/p>\n<p data-start=\"345\" data-end=\"650\">The event highlighted the Campus Auga specialisation model, which places innovation, knowledge transfer and sustainability at the core of its strategy. These pillars aim to strengthen Ourense\u2019s position as a hub for research excellence while responding to local challenges through science-based solutions.<\/p>\n<p data-start=\"652\" data-end=\"1059\">The panel focused on water as a driver of development and future opportunities. It brought together leading representatives from academia and institutions. The IAA was represented by its director, <a href=\"https:\/\/iaa.uvigo.gal\/equipo\/persoal\/fernandez-calvino-david\/\">David Fern\u00e1ndez Calvi\u00f1o<\/a>; <a href=\"https:\/\/iaa.uvigo.gal\/equipo\/persoal\/perez-gregorio-maria-rosa\/\">Mar\u00eda Rosa P\u00e9rez<\/a>, the University of Vigo\u2019s representative at Clusaga; <a href=\"https:\/\/iaa.uvigo.gal\/equipo\/persoal\/garrote-velasco-gil\/\">Gil Garrote<\/a>, coordinator of the Doctorate in Agri-Food Science; and <a href=\"https:\/\/iaa.uvigo.gal\/equipo\/persoal\/araujo-nespereira-pedro-antonio\/\">Pedro Ara\u00fajo<\/a>, Dean of the Faculty of Sciences.<\/p>\n<p data-start=\"1061\" data-end=\"1416\">During the discussion, they underlined the high level of research carried out by Campus Auga researchers and the IAA\u2019s contribution to developing sustainable solutions for the agri-food sector.<\/p>\n<p data-start=\"1418\" data-end=\"1659\">The IAA\u2019s participation in the forum reaffirms its commitment to Campus Auga\u2019s mission: generating knowledge, transferring research results to society and supporting a more innovative, resilient and environmentally responsible local economy.<\/p>\n<p data-start=\"1661\" data-end=\"1722\" data-is-last-node=\"\" data-is-only-node=\"\">The video of the meeting can be viewed at the following <a href=\"https:\/\/www.youtube.com\/watch?v=ymNVPvUv3Z4&amp;t=2s\">link<\/a>.<\/p>\n","protected":false},"excerpt":{"rendered":"<p>On 31 October, representatives of the Institute of Agroecology and Food (IAA) took part in the La Regi\u00f3n Forum, held at the Ourense Campus, to &hellip; <a class=\"excerpt_more\" href=\"https:\/\/iaa.uvigo.gal\/en\/2025\/11\/campus-auga-and-iaa-for-local-development\/\">Continued<\/a><\/p>\n","protected":false},"author":14,"featured_media":249277,"comment_status":"closed","ping_status":"closed","sticky":false,"template":"","format":"standard","meta":{"_acf_changed":false,"footnotes":""},"categories":[93],"tags":[],"class_list":["post-249867","post","type-post","status-publish","format-standard","has-post-thumbnail","hentry","category-duvi-en"],"acf":[],"yoast_head":"<title>Campus Auga and IAA for local development | Instituto de Agroecolox\u00eda e Alimentaci\u00f3n | UVigo<\/title>\n<meta name=\"description\" content=\"Campus Auga and the IAA promote innovation, sustainability and knowledge transfer to support economic and social development in Ourense.\" \/>\n<meta name=\"robots\" content=\"index, follow, max-snippet:-1, max-image-preview:large, max-video-preview:-1\" \/>\n<link rel=\"canonical\" href=\"https:\/\/iaa.uvigo.gal\/en\/2025\/11\/campus-auga-and-iaa-for-local-development\/\" \/>\n<meta property=\"og:locale\" content=\"en_US\" \/>\n<meta property=\"og:type\" content=\"article\" \/>\n<meta property=\"og:title\" content=\"Campus Auga and IAA for local development | Instituto de Agroecolox\u00eda e Alimentaci\u00f3n | UVigo\" \/>\n<meta property=\"og:description\" content=\"Campus Auga and the IAA promote innovation, sustainability and knowledge transfer to support economic and social development in Ourense.\" \/>\n<meta property=\"og:url\" content=\"https:\/\/iaa.uvigo.gal\/en\/2025\/11\/campus-auga-and-iaa-for-local-development\/\" \/>\n<meta property=\"og:site_name\" content=\"Instituto de Agroecolox\u00eda e Alimentaci\u00f3n | UVigo\" \/>\n<meta property=\"article:published_time\" content=\"2025-11-08T00:59:50+00:00\" \/>\n<meta property=\"article:modified_time\" content=\"2026-02-25T15:09:16+00:00\" \/>\n<meta property=\"og:image\" content=\"https:\/\/iaa.uvigo.gal\/wp-content\/uploads\/2025\/11\/foro-la-region.jpg\" \/>\n\t<meta property=\"og:image:width\" content=\"1216\" \/>\n\t<meta property=\"og:image:height\" content=\"689\" \/>\n\t<meta property=\"og:image:type\" content=\"image\/jpeg\" \/>\n<meta name=\"author\" content=\"Iv\u00e1n S\u00e1nchez Rodr\u00edguez\" \/>\n<meta name=\"twitter:card\" content=\"summary_large_image\" \/>\n<meta name=\"twitter:label1\" content=\"Written by\" \/>\n\t<meta name=\"twitter:data1\" content=\"Iv\u00e1n S\u00e1nchez Rodr\u00edguez\" \/>\n\t<meta name=\"twitter:label2\" content=\"Est. reading time\" \/>\n\t<meta name=\"twitter:data2\" content=\"2 minutes\" \/>\n<script type=\"application\/ld+json\" class=\"yoast-schema-graph\">{\"@context\":\"https:\\\/\\\/schema.org\",\"@graph\":[{\"@type\":\"Article\",\"@id\":\"https:\\\/\\\/iaa.uvigo.gal\\\/en\\\/2025\\\/11\\\/campus-auga-and-iaa-for-local-development\\\/#article\",\"isPartOf\":{\"@id\":\"https:\\\/\\\/iaa.uvigo.gal\\\/en\\\/2025\\\/11\\\/campus-auga-and-iaa-for-local-development\\\/\"},\"author\":{\"name\":\"Iv\u00e1n S\u00e1nchez Rodr\u00edguez\",\"@id\":\"https:\\\/\\\/iaa.uvigo.gal\\\/en\\\/#\\\/schema\\\/person\\\/5bcdcd259b6df54e4713d114fcc831da\"},\"headline\":\"Campus Auga and IAA for local development\",\"datePublished\":\"2025-11-08T00:59:50+00:00\",\"dateModified\":\"2026-02-25T15:09:16+00:00\",\"mainEntityOfPage\":{\"@id\":\"https:\\\/\\\/iaa.uvigo.gal\\\/en\\\/2025\\\/11\\\/campus-auga-and-iaa-for-local-development\\\/\"},\"wordCount\":231,\"publisher\":{\"@id\":\"https:\\\/\\\/iaa.uvigo.gal\\\/en\\\/#organization\"},\"image\":{\"@id\":\"https:\\\/\\\/iaa.uvigo.gal\\\/en\\\/2025\\\/11\\\/campus-auga-and-iaa-for-local-development\\\/#primaryimage\"},\"thumbnailUrl\":\"https:\\\/\\\/iaa.uvigo.gal\\\/wp-content\\\/uploads\\\/2025\\\/11\\\/foro-la-region.jpg\",\"articleSection\":[\"DUVI\"],\"inLanguage\":\"en-US\"},{\"@type\":\"WebPage\",\"@id\":\"https:\\\/\\\/iaa.uvigo.gal\\\/en\\\/2025\\\/11\\\/campus-auga-and-iaa-for-local-development\\\/\",\"url\":\"https:\\\/\\\/iaa.uvigo.gal\\\/en\\\/2025\\\/11\\\/campus-auga-and-iaa-for-local-development\\\/\",\"name\":\"Campus Auga and IAA for local development | Instituto de Agroecolox\u00eda e Alimentaci\u00f3n | UVigo\",\"isPartOf\":{\"@id\":\"https:\\\/\\\/iaa.uvigo.gal\\\/en\\\/#website\"},\"primaryImageOfPage\":{\"@id\":\"https:\\\/\\\/iaa.uvigo.gal\\\/en\\\/2025\\\/11\\\/campus-auga-and-iaa-for-local-development\\\/#primaryimage\"},\"image\":{\"@id\":\"https:\\\/\\\/iaa.uvigo.gal\\\/en\\\/2025\\\/11\\\/campus-auga-and-iaa-for-local-development\\\/#primaryimage\"},\"thumbnailUrl\":\"https:\\\/\\\/iaa.uvigo.gal\\\/wp-content\\\/uploads\\\/2025\\\/11\\\/foro-la-region.jpg\",\"datePublished\":\"2025-11-08T00:59:50+00:00\",\"dateModified\":\"2026-02-25T15:09:16+00:00\",\"description\":\"Campus Auga and the IAA promote innovation, sustainability and knowledge transfer to support economic and social development in Ourense.\",\"inLanguage\":\"en-US\",\"potentialAction\":[{\"@type\":\"ReadAction\",\"target\":[\"https:\\\/\\\/iaa.uvigo.gal\\\/en\\\/2025\\\/11\\\/campus-auga-and-iaa-for-local-development\\\/\"]}]},{\"@type\":\"ImageObject\",\"inLanguage\":\"en-US\",\"@id\":\"https:\\\/\\\/iaa.uvigo.gal\\\/en\\\/2025\\\/11\\\/campus-auga-and-iaa-for-local-development\\\/#primaryimage\",\"url\":\"https:\\\/\\\/iaa.uvigo.gal\\\/wp-content\\\/uploads\\\/2025\\\/11\\\/foro-la-region.jpg\",\"contentUrl\":\"https:\\\/\\\/iaa.uvigo.gal\\\/wp-content\\\/uploads\\\/2025\\\/11\\\/foro-la-region.jpg\",\"width\":1216,\"height\":689,\"caption\":\"Autor: Mari\u00f1o Pinal\"},{\"@type\":\"WebSite\",\"@id\":\"https:\\\/\\\/iaa.uvigo.gal\\\/en\\\/#website\",\"url\":\"https:\\\/\\\/iaa.uvigo.gal\\\/en\\\/\",\"name\":\"Instituto de Agroecolox\u00eda e Alimentaci\u00f3n | UVigo\",\"description\":\"\",\"publisher\":{\"@id\":\"https:\\\/\\\/iaa.uvigo.gal\\\/en\\\/#organization\"},\"potentialAction\":[{\"@type\":\"SearchAction\",\"target\":{\"@type\":\"EntryPoint\",\"urlTemplate\":\"https:\\\/\\\/iaa.uvigo.gal\\\/en\\\/?s={search_term_string}\"},\"query-input\":{\"@type\":\"PropertyValueSpecification\",\"valueRequired\":true,\"valueName\":\"search_term_string\"}}],\"inLanguage\":\"en-US\"},{\"@type\":\"Organization\",\"@id\":\"https:\\\/\\\/iaa.uvigo.gal\\\/en\\\/#organization\",\"name\":\"Instituto de Agroecolox\u00eda e Alimentaci\u00f3n - UVigo\",\"url\":\"https:\\\/\\\/iaa.uvigo.gal\\\/en\\\/\",\"logo\":{\"@type\":\"ImageObject\",\"inLanguage\":\"en-US\",\"@id\":\"https:\\\/\\\/iaa.uvigo.gal\\\/en\\\/#\\\/schema\\\/logo\\\/image\\\/\",\"url\":\"https:\\\/\\\/iaa.uvigo.gal\\\/wp-content\\\/uploads\\\/2024\\\/07\\\/logo-iaa.png\",\"contentUrl\":\"https:\\\/\\\/iaa.uvigo.gal\\\/wp-content\\\/uploads\\\/2024\\\/07\\\/logo-iaa.png\",\"width\":780,\"height\":330,\"caption\":\"Instituto de Agroecolox\u00eda e Alimentaci\u00f3n - UVigo\"},\"image\":{\"@id\":\"https:\\\/\\\/iaa.uvigo.gal\\\/en\\\/#\\\/schema\\\/logo\\\/image\\\/\"}},{\"@type\":\"Person\",\"@id\":\"https:\\\/\\\/iaa.uvigo.gal\\\/en\\\/#\\\/schema\\\/person\\\/5bcdcd259b6df54e4713d114fcc831da\",\"name\":\"Iv\u00e1n S\u00e1nchez Rodr\u00edguez\",\"image\":{\"@type\":\"ImageObject\",\"inLanguage\":\"en-US\",\"@id\":\"https:\\\/\\\/secure.gravatar.com\\\/avatar\\\/d2bf9693d400332faab6fa2eb24ee98394d6abe3be1e2550d939f6ca3971bf29?s=96&d=mm&r=g\",\"url\":\"https:\\\/\\\/secure.gravatar.com\\\/avatar\\\/d2bf9693d400332faab6fa2eb24ee98394d6abe3be1e2550d939f6ca3971bf29?s=96&d=mm&r=g\",\"contentUrl\":\"https:\\\/\\\/secure.gravatar.com\\\/avatar\\\/d2bf9693d400332faab6fa2eb24ee98394d6abe3be1e2550d939f6ca3971bf29?s=96&d=mm&r=g\",\"caption\":\"Iv\u00e1n S\u00e1nchez Rodr\u00edguez\"}}]}<\/script>","yoast_head_json":{"title":"Campus Auga and IAA for local development | Instituto de Agroecolox\u00eda e Alimentaci\u00f3n | UVigo","description":"Campus Auga and the IAA promote innovation, sustainability and knowledge transfer to support economic and social development in Ourense.","robots":{"index":"index","follow":"follow","max-snippet":"max-snippet:-1","max-image-preview":"max-image-preview:large","max-video-preview":"max-video-preview:-1"},"canonical":"https:\/\/iaa.uvigo.gal\/en\/2025\/11\/campus-auga-and-iaa-for-local-development\/","og_locale":"en_US","og_type":"article","og_title":"Campus Auga and IAA for local development | Instituto de Agroecolox\u00eda e Alimentaci\u00f3n | UVigo","og_description":"Campus Auga and the IAA promote innovation, sustainability and knowledge transfer to support economic and social development in Ourense.","og_url":"https:\/\/iaa.uvigo.gal\/en\/2025\/11\/campus-auga-and-iaa-for-local-development\/","og_site_name":"Instituto de Agroecolox\u00eda e Alimentaci\u00f3n | UVigo","article_published_time":"2025-11-08T00:59:50+00:00","article_modified_time":"2026-02-25T15:09:16+00:00","og_image":[{"width":1216,"height":689,"url":"https:\/\/iaa.uvigo.gal\/wp-content\/uploads\/2025\/11\/foro-la-region.jpg","type":"image\/jpeg"}],"author":"Iv\u00e1n S\u00e1nchez Rodr\u00edguez","twitter_card":"summary_large_image","twitter_misc":{"Written by":"Iv\u00e1n S\u00e1nchez Rodr\u00edguez","Est. reading time":"2 minutes"},"schema":{"@context":"https:\/\/schema.org","@graph":[{"@type":"Article","@id":"https:\/\/iaa.uvigo.gal\/en\/2025\/11\/campus-auga-and-iaa-for-local-development\/#article","isPartOf":{"@id":"https:\/\/iaa.uvigo.gal\/en\/2025\/11\/campus-auga-and-iaa-for-local-development\/"},"author":{"name":"Iv\u00e1n S\u00e1nchez Rodr\u00edguez","@id":"https:\/\/iaa.uvigo.gal\/en\/#\/schema\/person\/5bcdcd259b6df54e4713d114fcc831da"},"headline":"Campus Auga and IAA for local development","datePublished":"2025-11-08T00:59:50+00:00","dateModified":"2026-02-25T15:09:16+00:00","mainEntityOfPage":{"@id":"https:\/\/iaa.uvigo.gal\/en\/2025\/11\/campus-auga-and-iaa-for-local-development\/"},"wordCount":231,"publisher":{"@id":"https:\/\/iaa.uvigo.gal\/en\/#organization"},"image":{"@id":"https:\/\/iaa.uvigo.gal\/en\/2025\/11\/campus-auga-and-iaa-for-local-development\/#primaryimage"},"thumbnailUrl":"https:\/\/iaa.uvigo.gal\/wp-content\/uploads\/2025\/11\/foro-la-region.jpg","articleSection":["DUVI"],"inLanguage":"en-US"},{"@type":"WebPage","@id":"https:\/\/iaa.uvigo.gal\/en\/2025\/11\/campus-auga-and-iaa-for-local-development\/","url":"https:\/\/iaa.uvigo.gal\/en\/2025\/11\/campus-auga-and-iaa-for-local-development\/","name":"Campus Auga and IAA for local development | Instituto de Agroecolox\u00eda e Alimentaci\u00f3n | UVigo","isPartOf":{"@id":"https:\/\/iaa.uvigo.gal\/en\/#website"},"primaryImageOfPage":{"@id":"https:\/\/iaa.uvigo.gal\/en\/2025\/11\/campus-auga-and-iaa-for-local-development\/#primaryimage"},"image":{"@id":"https:\/\/iaa.uvigo.gal\/en\/2025\/11\/campus-auga-and-iaa-for-local-development\/#primaryimage"},"thumbnailUrl":"https:\/\/iaa.uvigo.gal\/wp-content\/uploads\/2025\/11\/foro-la-region.jpg","datePublished":"2025-11-08T00:59:50+00:00","dateModified":"2026-02-25T15:09:16+00:00","description":"Campus Auga and the IAA promote innovation, sustainability and knowledge transfer to support economic and social development in Ourense.","inLanguage":"en-US","potentialAction":[{"@type":"ReadAction","target":["https:\/\/iaa.uvigo.gal\/en\/2025\/11\/campus-auga-and-iaa-for-local-development\/"]}]},{"@type":"ImageObject","inLanguage":"en-US","@id":"https:\/\/iaa.uvigo.gal\/en\/2025\/11\/campus-auga-and-iaa-for-local-development\/#primaryimage","url":"https:\/\/iaa.uvigo.gal\/wp-content\/uploads\/2025\/11\/foro-la-region.jpg","contentUrl":"https:\/\/iaa.uvigo.gal\/wp-content\/uploads\/2025\/11\/foro-la-region.jpg","width":1216,"height":689,"caption":"Autor: Mari\u00f1o Pinal"},{"@type":"WebSite","@id":"https:\/\/iaa.uvigo.gal\/en\/#website","url":"https:\/\/iaa.uvigo.gal\/en\/","name":"Instituto de Agroecolox\u00eda e Alimentaci\u00f3n | UVigo","description":"","publisher":{"@id":"https:\/\/iaa.uvigo.gal\/en\/#organization"},"potentialAction":[{"@type":"SearchAction","target":{"@type":"EntryPoint","urlTemplate":"https:\/\/iaa.uvigo.gal\/en\/?s={search_term_string}"},"query-input":{"@type":"PropertyValueSpecification","valueRequired":true,"valueName":"search_term_string"}}],"inLanguage":"en-US"},{"@type":"Organization","@id":"https:\/\/iaa.uvigo.gal\/en\/#organization","name":"Instituto de Agroecolox\u00eda e Alimentaci\u00f3n - UVigo","url":"https:\/\/iaa.uvigo.gal\/en\/","logo":{"@type":"ImageObject","inLanguage":"en-US","@id":"https:\/\/iaa.uvigo.gal\/en\/#\/schema\/logo\/image\/","url":"https:\/\/iaa.uvigo.gal\/wp-content\/uploads\/2024\/07\/logo-iaa.png","contentUrl":"https:\/\/iaa.uvigo.gal\/wp-content\/uploads\/2024\/07\/logo-iaa.png","width":780,"height":330,"caption":"Instituto de Agroecolox\u00eda e Alimentaci\u00f3n - UVigo"},"image":{"@id":"https:\/\/iaa.uvigo.gal\/en\/#\/schema\/logo\/image\/"}},{"@type":"Person","@id":"https:\/\/iaa.uvigo.gal\/en\/#\/schema\/person\/5bcdcd259b6df54e4713d114fcc831da","name":"Iv\u00e1n S\u00e1nchez Rodr\u00edguez","image":{"@type":"ImageObject","inLanguage":"en-US","@id":"https:\/\/secure.gravatar.com\/avatar\/d2bf9693d400332faab6fa2eb24ee98394d6abe3be1e2550d939f6ca3971bf29?s=96&d=mm&r=g","url":"https:\/\/secure.gravatar.com\/avatar\/d2bf9693d400332faab6fa2eb24ee98394d6abe3be1e2550d939f6ca3971bf29?s=96&d=mm&r=g","contentUrl":"https:\/\/secure.gravatar.com\/avatar\/d2bf9693d400332faab6fa2eb24ee98394d6abe3be1e2550d939f6ca3971bf29?s=96&d=mm&r=g","caption":"Iv\u00e1n S\u00e1nchez Rodr\u00edguez"}}]}},"_links":{"self":[{"href":"https:\/\/iaa.uvigo.gal\/en\/wp-json\/wp\/v2\/posts\/249867","targetHints":{"allow":["GET"]}}],"collection":[{"href":"https:\/\/iaa.uvigo.gal\/en\/wp-json\/wp\/v2\/posts"}],"about":[{"href":"https:\/\/iaa.uvigo.gal\/en\/wp-json\/wp\/v2\/types\/post"}],"author":[{"embeddable":true,"href":"https:\/\/iaa.uvigo.gal\/en\/wp-json\/wp\/v2\/users\/14"}],"replies":[{"embeddable":true,"href":"https:\/\/iaa.uvigo.gal\/en\/wp-json\/wp\/v2\/comments?post=249867"}],"version-history":[{"count":2,"href":"https:\/\/iaa.uvigo.gal\/en\/wp-json\/wp\/v2\/posts\/249867\/revisions"}],"predecessor-version":[{"id":249920,"href":"https:\/\/iaa.uvigo.gal\/en\/wp-json\/wp\/v2\/posts\/249867\/revisions\/249920"}],"wp:featuredmedia":[{"embeddable":true,"href":"https:\/\/iaa.uvigo.gal\/en\/wp-json\/wp\/v2\/media\/249277"}],"wp:attachment":[{"href":"https:\/\/iaa.uvigo.gal\/en\/wp-json\/wp\/v2\/media?parent=249867"}],"wp:term":[{"taxonomy":"category","embeddable":true,"href":"https:\/\/iaa.uvigo.gal\/en\/wp-json\/wp\/v2\/categories?post=249867"},{"taxonomy":"post_tag","embeddable":true,"href":"https:\/\/iaa.uvigo.gal\/en\/wp-json\/wp\/v2\/tags?post=249867"}],"curies":[{"name":"wp","href":"https:\/\/api.w.org\/{rel}","templated":true}]}}